{"id":7924,"date":"2025-12-29T14:26:02","date_gmt":"2025-12-29T17:26:02","guid":{"rendered":"https:\/\/ibiti.com\/?p=7924"},"modified":"2025-12-29T14:26:03","modified_gmt":"2025-12-29T17:26:03","slug":"ibiti-regenerates-more-than-1200-hectares-of-atlantic-forest","status":"publish","type":"post","link":"https:\/\/ibiti.com\/en\/ibiti-regenerates-more-than-1200-hectares-of-atlantic-forest\/","title":{"rendered":"Ibiti regenerates more than 1,200 hectares of Atlantic Forest\u00a0"},"content":{"rendered":"<p>For centuries, the Atlantic Forest has been pressured by human occupation, livestock farming and monocultures. Around Ibitipoca it was no different: pastures replaced the forest and with them came the isolation of the fragments and the loss of biodiversity. But where many saw degradation and abandonment, Ibiti Projeto decided to bet on nature's time. And with that, it promoted a silent revolution. Forty years on, the results are there for all to see. The inhabitants of the region recognize the fruits of this work in the invigorated landscape. This perception is now backed up by the figures in the technical report \u201cTemporal analysis to characterize land use and vegetation cover\u201d, based on images from the Sentinel 2 satellite.&nbsp;<\/p>\n\n\n\n<p>The document by Bioflore, a company specializing in environmental monitoring, commissioned by Ibiti, revealed that more than 1,200 hectares of new forest have grown in the territory, equivalent to almost the size of the entire Ibitipoca State Park (1,488 hectares). These figures are the effects of an innovative conservation proposal, in the view of Heitor Filpi, CEO and co-founder of Bioflore. \u201cFrom the point of view of conservation, it was a super innovative proposal, because they bought up the surrounding farms, which were no longer making much profit, and promoted this regeneration,\u201d he observes. \u201cAnd then this process of vegetation regeneration began, because the livestock was leaving with the farms. And the fauna, as we can already see in that region, is also coming back.\u201d&nbsp;<\/p>\n\n\n\n<p><\/p>\n\n\n\n<h2 class=\"wp-block-heading\"><strong>Regenerating is revolutionary<\/strong><\/h2>\n\n\n\n<h3 class=\"wp-block-heading\"> \u2714\ufe0f 96% of Ibiti's total territory (5,906 hectares) is under regeneration&nbsp;<\/h3>\n\n\n\n<h3 class=\"wp-block-heading\">\u2714\ufe0f 62% of this total is covered by native forests<\/h3>\n\n\n\n<h3 class=\"wp-block-heading\">&nbsp;\u2714\ufe0f 21% are occupied by candeal (a forest formation typical of high-altitude fields, with trees of short stature, predominantly the candeia species).<\/h3>\n\n\n\n<h3 class=\"wp-block-heading\">\u2714\ufe0f Only 15.2% is pasture, and less than 1% is occupied by improvements, roads and bodies of water.<\/h3>\n\n\n\n<h3 class=\"wp-block-heading\">\u2714\ufe0f 63% of the vegetation is over 38 years old, an indication of ecological stability and high conservation value.<\/h3>\n\n\n\n<h3 class=\"wp-block-heading\">\u2714\ufe0f 1,281 hectares (equivalent to 85% of the Ibitipoca State Park area) have been continuously regenerated since 1985, transforming degraded areas into interconnected forest corridors.<\/h3>\n\n\n\n<h3 class=\"wp-block-heading\">\u2714\ufe0f More than 1,600 hectares of core areas (central parts of the fragments most protected from human interference)<strong> <\/strong>&nbsp;in 40 years<\/h3>\n\n\n\n<h3 class=\"wp-block-heading\">\u2714\ufe0f Conservation Index* rose from 48 (1985) to 67 (2023)<\/h3>\n\n\n\n<p>* Bioflore's Conservation Status Index (IEC) is calculated using remote sensing and geotechnologies. The same study indicates that, without Ibiti, the region would today have less vegetation cover, less connectivity and greater fragmentation. In the surrounding area, while forest regeneration amounted to 5,322 hectares, deforestation amounted to 3,738 hectares. Within Ibiti, regeneration far outstripped losses.<\/p>\n\n\n\n<h2 class=\"wp-block-heading\">Regeneration model&nbsp;<\/h2>\n\n\n\n<figure class=\"wp-block-image size-large\"><img fetchpriority=\"high\" decoding=\"async\" width=\"1024\" height=\"767\" src=\"https:\/\/ibiti.com\/wp-content\/uploads\/2025\/12\/Ibiti-regenera-4-1024x767.webp\" alt=\"\" class=\"wp-image-7929\" srcset=\"https:\/\/ibiti.com\/wp-content\/uploads\/2025\/12\/Ibiti-regenera-4-1024x767.webp 1024w, https:\/\/ibiti.com\/wp-content\/uploads\/2025\/12\/Ibiti-regenera-4-300x225.webp 300w, https:\/\/ibiti.com\/wp-content\/uploads\/2025\/12\/Ibiti-regenera-4-768x575.webp 768w, https:\/\/ibiti.com\/wp-content\/uploads\/2025\/12\/Ibiti-regenera-4-16x12.webp 16w, https:\/\/ibiti.com\/wp-content\/uploads\/2025\/12\/Ibiti-regenera-4.webp 1200w\" sizes=\"(max-width: 1024px) 100vw, 1024px\" \/><\/figure>\n\n\n\n<p>The report is the product of the first part of Bioflore's work, which consisted of \u201cestimating and reporting the positive impacts generated by conservation and preservation efforts\u201d. A field investigation will follow in 2026 to complement the research.&nbsp;<\/p>\n\n\n\n<p>The results showed that previously isolated fragments became connected, central areas expanded, and the so-called <strong>\u201cedge effect\u201d<\/strong> decreased. What had seemed unfeasible became a model for regeneration. \u201cIt was a very positive surprise,\u201d says Bruno Nani, Bioflore's CMO.&nbsp;<\/p>\n\n\n\n<p>\u201cWe already knew about the importance of the Atlantic Forest, but to see how far Ibiti has come in that time is impressive. We're talking about a global biodiversity hotspot, where natural regeneration has been embraced as a life project.\u201d&nbsp;<\/p>\n\n\n\n<p>The report also highlights that the absence of the Ibiti Project, in a hypothetical scenario, would result in a drastic loss of natural vegetation, fragmentation, connectivity and core areas, reinforcing its fundamental importance for the environmental integrity of the region.<\/p>\n\n\n\n<h3 class=\"wp-block-heading\">What is edge effect?<\/h3>\n\n\n\n<p>The edge effect is the set of physical, chemical and biological changes that occur in the transition region (or \u201cedge\u201d) between two different types of ecosystems (such as a forest and a pasture or deforested area). This transition creates an environment with intermediate or completely new characteristics, which can be detrimental to the quality of the original forest habitat. Bioflore's report showed that, with the conservation work carried out for decades by Ibiti Projeto, the edge effect has been significantly reduced in the region.<\/p>\n\n\n\n<h2 class=\"wp-block-heading\">Ibiti Regenera<\/h2>\n\n\n\n<figure class=\"wp-block-image size-large\"><img decoding=\"async\" width=\"1024\" height=\"576\" src=\"https:\/\/ibiti.com\/wp-content\/uploads\/2025\/12\/Ibiti-regenera-2-1024x576.webp\" alt=\"\" class=\"wp-image-7930\" srcset=\"https:\/\/ibiti.com\/wp-content\/uploads\/2025\/12\/Ibiti-regenera-2-1024x576.webp 1024w, https:\/\/ibiti.com\/wp-content\/uploads\/2025\/12\/Ibiti-regenera-2-300x169.webp 300w, https:\/\/ibiti.com\/wp-content\/uploads\/2025\/12\/Ibiti-regenera-2-768x432.webp 768w, https:\/\/ibiti.com\/wp-content\/uploads\/2025\/12\/Ibiti-regenera-2-18x10.webp 18w, https:\/\/ibiti.com\/wp-content\/uploads\/2025\/12\/Ibiti-regenera-2.webp 1200w\" sizes=\"(max-width: 1024px) 100vw, 1024px\" \/><\/figure>\n\n\n\n<p>For Clariane Maranho, a biologist at Ibiti, transforming the perception of this regeneration, shared by the mountain's oldest inhabitants, into measurable data was a decisive step. \u201cThose who live here could already see the change: the return of the animals, the forest growing where it used to be pasture. But we needed figures to give us credibility and transparency,\u201d he explains.&nbsp;<\/p>\n\n\n\n<p>Thus was born Ibiti Regenera, an initiative that seeks to neutralize the environmental footprint of guests and employees and, at the same time, financially support conservation projects. Neutralizing carbon here means more than offsetting emissions: it means restoring ecosystems, strengthening communities and building a new model of coexistence with the Earth.&nbsp;<\/p>\n\n\n\n<p>\u201cIt's not just about carbon,\u201d emphasizes Clariane. \u201cIt's about keeping our fauna reintroduction, soil recovery, firefighting and waste management programs alive. Ibiti Regenera is the way to continue this care.\u201d&nbsp;<\/p>\n\n\n\n<p>The landscape around Ibiti still reveals scars: degraded areas, erosion, small patches of forest. \u201cIt was a region marked by coffee-growing and then cattle-raising, activities that had no vocation for that soil,\u201d explains Heitor Filpi. \u201cThis hinders natural regeneration and compromises the water and ecological balance.\u201d&nbsp;<\/p>\n\n\n\n<p>It is against this backdrop that Ibiti stands out as a living laboratory. \u201cWhat we see here is revolutionary, because it's not just about preserving what's left, but restoring it,\u201d adds Heitor. \u201cAnd restoring on a large scale, showing that it is possible to return the forest to its place of origin.\u201d<\/p>\n\n\n\n<h2 class=\"wp-block-heading\">Forest gardener<\/h2>\n\n\n\n<p>Among the stories that help to understand the impact of the report is that of the paca, a discreet and nocturnal animal, which, by burying seeds, ensures that new trees will sprout in the future. It is, to a certain extent, a metaphor for Ibiti Regenera itself. \u201cIt needs continuous shade, it doesn't go through large clearings. That's why the more connected it is to the forest, the greater the species\u201d chances of survival,\" explains Clariane. Over the last 38 years, the regeneration promoted by Ibiti has created new paths for the paca. Fragments that were once barriers have become passageways. For every fruit forgotten in the damp soil, a tree can be born. It's a small, almost invisible gesture, but it symbolizes the cycle of reciprocity: the forest feeds the paca, and the paca helps the forest to be reborn.\u00a0<\/p>\n\n\n\n<h2 class=\"wp-block-heading\">\u201cEarth Hospital\u201d&nbsp;<\/h2>\n\n\n\n<figure class=\"wp-block-image size-large\"><img decoding=\"async\" width=\"1024\" height=\"681\" src=\"https:\/\/ibiti.com\/wp-content\/uploads\/2025\/12\/Ibiti-regenera-1-1024x681.jpg\" alt=\"\" class=\"wp-image-7935\" srcset=\"https:\/\/ibiti.com\/wp-content\/uploads\/2025\/12\/Ibiti-regenera-1-1024x681.jpg 1024w, https:\/\/ibiti.com\/wp-content\/uploads\/2025\/12\/Ibiti-regenera-1-300x200.jpg 300w, https:\/\/ibiti.com\/wp-content\/uploads\/2025\/12\/Ibiti-regenera-1-768x511.jpg 768w, https:\/\/ibiti.com\/wp-content\/uploads\/2025\/12\/Ibiti-regenera-1-18x12.jpg 18w, https:\/\/ibiti.com\/wp-content\/uploads\/2025\/12\/Ibiti-regenera-1.jpg 1200w\" sizes=\"(max-width: 1024px) 100vw, 1024px\" \/><\/figure>\n\n\n\n<p>The idea of transforming Ibiti into an \u201cEarth Hospital\u201d is ultimately what drives the project. More than conservation, the aim is to offer an inspiring model that can be adapted to other landscapes. \u201cEach place has its own particularities, but Ibiti can share lessons and show that it is possible to reconcile regeneration with income generation and well-being,\u201d says Heitor.&nbsp;<\/p>\n\n\n\n<p>It's not a simple task, and the challenge is to make this model scalable. But the first fruits are already visible. \u201cThe numbers are even better than I imagined,\u201d admits Clariane. \u201cIf we thought it would take centuries to see significant changes, what we've found in just four decades gives us breath and hope.\u201d<\/p>\n\n\n\n<h2 class=\"wp-block-heading\">Next steps<\/h2>\n\n\n\n<p>Bioflore's next steps consist of fieldwork that should be carried out in the first half of 2026, considered the crucial stage that will validate the data obtained via satellite. Heitor Filpi explained that the team will take biologists and forestry engineers to the region to \u201ccollect information on floristic composition, species diversity\u201d and to assess the stages of ecological succession in situ. This validation is essential to refine the results already observed, he said.&nbsp;<\/p>\n\n\n\n<p>At the same time, another team will be using a state-of-the-art system: the LiDAR (Light Detection and Ranging) drone. This drone is capable of generating a three-dimensional view of the forest, which makes it possible to measure the carbon stock, biomass and volume of vegetation with unprecedented precision. Bioflore will also invest in the creation of artificial intelligence models.&nbsp;<\/p>\n\n\n\n<p>According to Bruno Nani, these models, trained with ultra-high resolution images, will be able to \u201cdetect tree species\u201d and spatialize this information, which, for Ibiti, is essential for a management plan, including the mapping of \u201cseed collection matrices\u201d and progress in reforestation programs.&nbsp;<\/p>\n\n\n\n<h2 class=\"wp-block-heading\">Symbol of resistance&nbsp;<\/h2>\n\n\n\n<p>More than a recovered territory, the figures in the first report presented show that Ibiti is consolidating itself as a symbol of resistance and reinvention. Every hectare regenerated is a gesture of care; every animal that returns is a sign of restored balance. And if the paca, the forest's silent gardener, has found new paths to follow, it's because regeneration is no longer just a dream, but a tangible and measurable reality. A reality that reminds us that, faced with a wounded planet, regenerating is indeed revolutionary.<\/p>\n\n\n\n<h2 class=\"wp-block-heading\"><strong>Actions that help nature regain its place&nbsp;<\/strong><\/h2>\n\n\n\n<figure class=\"wp-block-gallery has-nested-images columns-default is-cropped wp-block-gallery-1 is-layout-flex wp-block-gallery-is-layout-flex\">\n<figure data-wp-context=\"{&quot;imageId&quot;:&quot;69f584863a20a&quot;}\" data-wp-interactive=\"core\/image\" data-wp-key=\"69f584863a20a\" class=\"wp-block-image size-large wp-lightbox-container\"><img loading=\"lazy\" decoding=\"async\" width=\"1024\" height=\"1005\" data-wp-class--hide=\"state.isContentHidden\" data-wp-class--show=\"state.isContentVisible\" data-wp-init=\"callbacks.setButtonStyles\" data-wp-on--click=\"actions.showLightbox\" data-wp-on--load=\"callbacks.setButtonStyles\" data-wp-on-window--resize=\"callbacks.setButtonStyles\" data-id=\"7931\" src=\"https:\/\/ibiti.com\/wp-content\/uploads\/2025\/12\/Ibiti-regenera-1-1024x1005.webp\" alt=\"\" class=\"wp-image-7931\" srcset=\"https:\/\/ibiti.com\/wp-content\/uploads\/2025\/12\/Ibiti-regenera-1-1024x1005.webp 1024w, https:\/\/ibiti.com\/wp-content\/uploads\/2025\/12\/Ibiti-regenera-1-300x295.webp 300w, https:\/\/ibiti.com\/wp-content\/uploads\/2025\/12\/Ibiti-regenera-1-768x754.webp 768w, https:\/\/ibiti.com\/wp-content\/uploads\/2025\/12\/Ibiti-regenera-1-12x12.webp 12w, https:\/\/ibiti.com\/wp-content\/uploads\/2025\/12\/Ibiti-regenera-1.webp 1200w\" sizes=\"(max-width: 1024px) 100vw, 1024px\" \/><button\n\t\t\tclass=\"lightbox-trigger\"\n\t\t\ttype=\"button\"\n\t\t\taria-haspopup=\"dialog\"\n\t\t\taria-label=\"Enlarge\"\n\t\t\tdata-wp-init=\"callbacks.initTriggerButton\"\n\t\t\tdata-wp-on--click=\"actions.showLightbox\"\n\t\t\tdata-wp-style--right=\"state.imageButtonRight\"\n\t\t\tdata-wp-style--top=\"state.imageButtonTop\"\n\t\t>\n\t\t\t<svg xmlns=\"http:\/\/www.w3.org\/2000\/svg\" width=\"12\" height=\"12\" fill=\"none\" viewbox=\"0 0 12 12\">\n\t\t\t\t<path fill=\"#fff\" d=\"M2 0a2 2 0 0 0-2 2v2h1.5V2a.5.5 0 0 1 .5-.5h2V0H2Zm2 10.5H2a.5.5 0 0 1-.5-.5V8H0v2a2 2 0 0 0 2 2h2v-1.5ZM8 12v-1.5h2a.5.5 0 0 0 .5-.5V8H12v2a2 2 0 0 1-2 2H8Zm2-12a2 2 0 0 1 2 2v2h-1.5V2a.5.5 0 0 0-.5-.5H8V0h2Z\" \/>\n\t\t\t<\/svg>\n\t\t<\/button><\/figure>\n\n\n\n<figure data-wp-context=\"{&quot;imageId&quot;:&quot;69f584863b3a6&quot;}\" data-wp-interactive=\"core\/image\" data-wp-key=\"69f584863b3a6\" class=\"wp-block-image size-large wp-lightbox-container\"><img loading=\"lazy\" decoding=\"async\" width=\"1024\" height=\"719\" data-wp-class--hide=\"state.isContentHidden\" data-wp-class--show=\"state.isContentVisible\" data-wp-init=\"callbacks.setButtonStyles\" data-wp-on--click=\"actions.showLightbox\" data-wp-on--load=\"callbacks.setButtonStyles\" data-wp-on-window--resize=\"callbacks.setButtonStyles\" data-id=\"7933\" src=\"https:\/\/ibiti.com\/wp-content\/uploads\/2025\/12\/Ibiti-regenera-3-1024x719.webp\" alt=\"\" class=\"wp-image-7933\" srcset=\"https:\/\/ibiti.com\/wp-content\/uploads\/2025\/12\/Ibiti-regenera-3-1024x719.webp 1024w, https:\/\/ibiti.com\/wp-content\/uploads\/2025\/12\/Ibiti-regenera-3-300x211.webp 300w, https:\/\/ibiti.com\/wp-content\/uploads\/2025\/12\/Ibiti-regenera-3-768x539.webp 768w, https:\/\/ibiti.com\/wp-content\/uploads\/2025\/12\/Ibiti-regenera-3-18x12.webp 18w, https:\/\/ibiti.com\/wp-content\/uploads\/2025\/12\/Ibiti-regenera-3.webp 1280w\" sizes=\"(max-width: 1024px) 100vw, 1024px\" \/><button\n\t\t\tclass=\"lightbox-trigger\"\n\t\t\ttype=\"button\"\n\t\t\taria-haspopup=\"dialog\"\n\t\t\taria-label=\"Enlarge\"\n\t\t\tdata-wp-init=\"callbacks.initTriggerButton\"\n\t\t\tdata-wp-on--click=\"actions.showLightbox\"\n\t\t\tdata-wp-style--right=\"state.imageButtonRight\"\n\t\t\tdata-wp-style--top=\"state.imageButtonTop\"\n\t\t>\n\t\t\t<svg xmlns=\"http:\/\/www.w3.org\/2000\/svg\" width=\"12\" height=\"12\" fill=\"none\" viewbox=\"0 0 12 12\">\n\t\t\t\t<path fill=\"#fff\" d=\"M2 0a2 2 0 0 0-2 2v2h1.5V2a.5.5 0 0 1 .5-.5h2V0H2Zm2 10.5H2a.5.5 0 0 1-.5-.5V8H0v2a2 2 0 0 0 2 2h2v-1.5ZM8 12v-1.5h2a.5.5 0 0 0 .5-.5V8H12v2a2 2 0 0 1-2 2H8Zm2-12a2 2 0 0 1 2 2v2h-1.5V2a.5.5 0 0 0-.5-.5H8V0h2Z\" \/>\n\t\t\t<\/svg>\n\t\t<\/button><\/figure>\n\n\n\n<figure data-wp-context=\"{&quot;imageId&quot;:&quot;69f584863b6eb&quot;}\" data-wp-interactive=\"core\/image\" data-wp-key=\"69f584863b6eb\" class=\"wp-block-image size-large wp-lightbox-container\"><img loading=\"lazy\" decoding=\"async\" width=\"1024\" height=\"683\" data-wp-class--hide=\"state.isContentHidden\" data-wp-class--show=\"state.isContentVisible\" data-wp-init=\"callbacks.setButtonStyles\" data-wp-on--click=\"actions.showLightbox\" data-wp-on--load=\"callbacks.setButtonStyles\" data-wp-on-window--resize=\"callbacks.setButtonStyles\" data-id=\"7932\" src=\"https:\/\/ibiti.com\/wp-content\/uploads\/2025\/12\/Ibiti-regenera-5-1024x683.webp\" alt=\"\" class=\"wp-image-7932\" srcset=\"https:\/\/ibiti.com\/wp-content\/uploads\/2025\/12\/Ibiti-regenera-5-1024x683.webp 1024w, https:\/\/ibiti.com\/wp-content\/uploads\/2025\/12\/Ibiti-regenera-5-300x200.webp 300w, https:\/\/ibiti.com\/wp-content\/uploads\/2025\/12\/Ibiti-regenera-5-768x512.webp 768w, https:\/\/ibiti.com\/wp-content\/uploads\/2025\/12\/Ibiti-regenera-5-18x12.webp 18w, https:\/\/ibiti.com\/wp-content\/uploads\/2025\/12\/Ibiti-regenera-5.webp 1200w\" sizes=\"(max-width: 1024px) 100vw, 1024px\" \/><button\n\t\t\tclass=\"lightbox-trigger\"\n\t\t\ttype=\"button\"\n\t\t\taria-haspopup=\"dialog\"\n\t\t\taria-label=\"Enlarge\"\n\t\t\tdata-wp-init=\"callbacks.initTriggerButton\"\n\t\t\tdata-wp-on--click=\"actions.showLightbox\"\n\t\t\tdata-wp-style--right=\"state.imageButtonRight\"\n\t\t\tdata-wp-style--top=\"state.imageButtonTop\"\n\t\t>\n\t\t\t<svg xmlns=\"http:\/\/www.w3.org\/2000\/svg\" width=\"12\" height=\"12\" fill=\"none\" viewbox=\"0 0 12 12\">\n\t\t\t\t<path fill=\"#fff\" d=\"M2 0a2 2 0 0 0-2 2v2h1.5V2a.5.5 0 0 1 .5-.5h2V0H2Zm2 10.5H2a.5.5 0 0 1-.5-.5V8H0v2a2 2 0 0 0 2 2h2v-1.5ZM8 12v-1.5h2a.5.5 0 0 0 .5-.5V8H12v2a2 2 0 0 1-2 2H8Zm2-12a2 2 0 0 1 2 2v2h-1.5V2a.5.5 0 0 0-.5-.5H8V0h2Z\" \/>\n\t\t\t<\/svg>\n\t\t<\/button><\/figure>\n<\/figure>\n\n\n\n<p>- Learn about some of the important rewilding strategies adopted by Ibiti to boost the forest restoration process\u00a0<\/p>\n\n\n\n<p>- Reintroduction of 30 jacutingas, native birds that were extinct locally and play an essential role as seed dispersers\u00a0<\/p>\n\n\n\n<p>- The Muriqui House Project, a pioneer in Brazil, works to recover and rehabilitate individuals of the northern muriqui, an endangered species. The project has already recorded the birth of a cub under monitoring in a protected environment\u00a0<\/p>\n\n\n\n<p>Systematic planting of ju\u00e7ara palms, a key species for local fauna, especially birds and primates<\/p>","protected":false},"excerpt":{"rendered":"<p>Durante s\u00e9culos, a Mata Atl\u00e2ntica foi pressionada pela ocupa\u00e7\u00e3o humana, pela pecu\u00e1ria e pelas monoculturas. No entorno de Ibitipoca n\u00e3o foi diferente: pastos substitu\u00edram a floresta e, com eles, vieram o isolamento dos fragmentos e a perda de biodiversidade. Mas onde muitos enxergavam degrada\u00e7\u00e3o e abandono, o Ibiti Projeto decidiu apostar no tempo da natureza. [&hellip;]<\/p>\n","protected":false},"author":7,"featured_media":7927,"comment_status":"closed","ping_status":"open","sticky":false,"template":"","format":"standard","meta":{"_jetpack_memberships_contains_paid_content":false,"footnotes":""},"categories":[13],"tags":[154,119,316,88,315,138,145],"class_list":["post-7924","post","type-post","status-publish","format-standard","has-post-thumbnail","hentry","category-ibiti-news","tag-ibiti","tag-ibiti-projeto","tag-ibiti-regenera","tag-ibitipoca","tag-mata-atlantica","tag-natureza","tag-regeneracao"],"yoast_head":"<!-- This site is optimized with the Yoast SEO plugin v27.5 - https:\/\/yoast.com\/product\/yoast-seo-wordpress\/ -->\n<title>Ibiti regenera mais de 1.200 hectares de Mata Atl\u00e2ntica\u00a0 - IBITI<\/title>\n<meta name=\"description\" content=\"Estudo in\u00e9dito com imagens de sat\u00e9lite comprova quatro d\u00e9cadas de regenera\u00e7\u00e3o da Mata Atl\u00e2ntica. Veja os n\u00fameros.\" \/>\n<meta name=\"robots\" content=\"index, follow, max-snippet:-1, max-image-preview:large, max-video-preview:-1\" \/>\n<link rel=\"canonical\" href=\"https:\/\/ibiti.com\/en\/ibiti-regenerates-more-than-1200-hectares-of-atlantic-forest\/\" \/>\n<meta property=\"og:locale\" content=\"en_US\" \/>\n<meta property=\"og:type\" content=\"article\" \/>\n<meta property=\"og:title\" content=\"Ibiti regenera mais de 1.200 hectares de Mata Atl\u00e2ntica\u00a0 - IBITI\" \/>\n<meta property=\"og:description\" content=\"Estudo in\u00e9dito com imagens de sat\u00e9lite comprova quatro d\u00e9cadas de regenera\u00e7\u00e3o da Mata Atl\u00e2ntica. Veja os n\u00fameros.\" \/>\n<meta property=\"og:url\" content=\"https:\/\/ibiti.com\/en\/ibiti-regenerates-more-than-1200-hectares-of-atlantic-forest\/\" \/>\n<meta property=\"og:site_name\" content=\"IBITI\" \/>\n<meta property=\"article:published_time\" content=\"2025-12-29T17:26:02+00:00\" \/>\n<meta property=\"article:modified_time\" content=\"2025-12-29T17:26:03+00:00\" \/>\n<meta property=\"og:image\" content=\"https:\/\/ibiti.com\/wp-content\/uploads\/2025\/12\/Ibiti-regenera-6.webp\" \/>\n\t<meta property=\"og:image:width\" content=\"1200\" \/>\n\t<meta property=\"og:image:height\" content=\"800\" \/>\n\t<meta property=\"og:image:type\" content=\"image\/webp\" \/>\n<meta name=\"author\" content=\"Isabel Pequeno\" \/>\n<meta name=\"twitter:card\" content=\"summary_large_image\" \/>\n<meta name=\"twitter:label1\" content=\"Written by\" \/>\n\t<meta name=\"twitter:data1\" content=\"Isabel Pequeno\" \/>\n\t<meta name=\"twitter:label2\" content=\"Est. reading time\" \/>\n\t<meta name=\"twitter:data2\" content=\"11 minutes\" \/>\n<script type=\"application\/ld+json\" class=\"yoast-schema-graph\">{\"@context\":\"https:\\\/\\\/schema.org\",\"@graph\":[{\"@type\":\"Article\",\"@id\":\"https:\\\/\\\/ibiti.com\\\/ibiti-regenera-mais-de-1-200-hectares-de-mata-atlantica\\\/#article\",\"isPartOf\":{\"@id\":\"https:\\\/\\\/ibiti.com\\\/ibiti-regenera-mais-de-1-200-hectares-de-mata-atlantica\\\/\"},\"author\":{\"name\":\"Isabel Pequeno\",\"@id\":\"https:\\\/\\\/ibiti.com\\\/#\\\/schema\\\/person\\\/a1c7394a4e912f501f91fc1c90c6d295\"},\"headline\":\"Ibiti regenera mais de 1.200 hectares de Mata Atl\u00e2ntica\u00a0\",\"datePublished\":\"2025-12-29T17:26:02+00:00\",\"dateModified\":\"2025-12-29T17:26:03+00:00\",\"mainEntityOfPage\":{\"@id\":\"https:\\\/\\\/ibiti.com\\\/ibiti-regenera-mais-de-1-200-hectares-de-mata-atlantica\\\/\"},\"wordCount\":1723,\"publisher\":{\"@id\":\"https:\\\/\\\/ibiti.com\\\/#organization\"},\"image\":{\"@id\":\"https:\\\/\\\/ibiti.com\\\/ibiti-regenera-mais-de-1-200-hectares-de-mata-atlantica\\\/#primaryimage\"},\"thumbnailUrl\":\"https:\\\/\\\/ibiti.com\\\/wp-content\\\/uploads\\\/2025\\\/12\\\/Ibiti-regenera-6.webp\",\"keywords\":[\"ibiti\",\"ibiti projeto\",\"ibiti regenera\",\"Ibitipoca\",\"Mata Atlantica\",\"natureza\",\"regenera\u00e7\u00e3o\"],\"articleSection\":[\"Ibiti News\"],\"inLanguage\":\"en-US\"},{\"@type\":\"WebPage\",\"@id\":\"https:\\\/\\\/ibiti.com\\\/ibiti-regenera-mais-de-1-200-hectares-de-mata-atlantica\\\/\",\"url\":\"https:\\\/\\\/ibiti.com\\\/ibiti-regenera-mais-de-1-200-hectares-de-mata-atlantica\\\/\",\"name\":\"Ibiti regenera mais de 1.200 hectares de Mata Atl\u00e2ntica\u00a0 - IBITI\",\"isPartOf\":{\"@id\":\"https:\\\/\\\/ibiti.com\\\/#website\"},\"primaryImageOfPage\":{\"@id\":\"https:\\\/\\\/ibiti.com\\\/ibiti-regenera-mais-de-1-200-hectares-de-mata-atlantica\\\/#primaryimage\"},\"image\":{\"@id\":\"https:\\\/\\\/ibiti.com\\\/ibiti-regenera-mais-de-1-200-hectares-de-mata-atlantica\\\/#primaryimage\"},\"thumbnailUrl\":\"https:\\\/\\\/ibiti.com\\\/wp-content\\\/uploads\\\/2025\\\/12\\\/Ibiti-regenera-6.webp\",\"datePublished\":\"2025-12-29T17:26:02+00:00\",\"dateModified\":\"2025-12-29T17:26:03+00:00\",\"description\":\"Estudo in\u00e9dito com imagens de sat\u00e9lite comprova quatro d\u00e9cadas de regenera\u00e7\u00e3o da Mata Atl\u00e2ntica. Veja os n\u00fameros.\",\"inLanguage\":\"en-US\",\"potentialAction\":[{\"@type\":\"ReadAction\",\"target\":[\"https:\\\/\\\/ibiti.com\\\/ibiti-regenera-mais-de-1-200-hectares-de-mata-atlantica\\\/\"]}]},{\"@type\":\"ImageObject\",\"inLanguage\":\"en-US\",\"@id\":\"https:\\\/\\\/ibiti.com\\\/ibiti-regenera-mais-de-1-200-hectares-de-mata-atlantica\\\/#primaryimage\",\"url\":\"https:\\\/\\\/ibiti.com\\\/wp-content\\\/uploads\\\/2025\\\/12\\\/Ibiti-regenera-6.webp\",\"contentUrl\":\"https:\\\/\\\/ibiti.com\\\/wp-content\\\/uploads\\\/2025\\\/12\\\/Ibiti-regenera-6.webp\",\"width\":1200,\"height\":800},{\"@type\":\"WebSite\",\"@id\":\"https:\\\/\\\/ibiti.com\\\/#website\",\"url\":\"https:\\\/\\\/ibiti.com\\\/\",\"name\":\"IBITI\",\"description\":\"Somos um projeto socioambiental experimental focado no homem e sua casa, o planeta.  Somos um novo mundo nas montanhas de Minas.  Acreditamos na harmonia entre o ser humano e a natureza.\",\"publisher\":{\"@id\":\"https:\\\/\\\/ibiti.com\\\/#organization\"},\"potentialAction\":[{\"@type\":\"SearchAction\",\"target\":{\"@type\":\"EntryPoint\",\"urlTemplate\":\"https:\\\/\\\/ibiti.com\\\/?s={search_term_string}\"},\"query-input\":{\"@type\":\"PropertyValueSpecification\",\"valueRequired\":true,\"valueName\":\"search_term_string\"}}],\"inLanguage\":\"en-US\"},{\"@type\":\"Organization\",\"@id\":\"https:\\\/\\\/ibiti.com\\\/#organization\",\"name\":\"IBITI\",\"url\":\"https:\\\/\\\/ibiti.com\\\/\",\"logo\":{\"@type\":\"ImageObject\",\"inLanguage\":\"en-US\",\"@id\":\"https:\\\/\\\/ibiti.com\\\/#\\\/schema\\\/logo\\\/image\\\/\",\"url\":\"https:\\\/\\\/ibiti.com\\\/wp-content\\\/uploads\\\/2024\\\/10\\\/ibiti-logo-default.svg\",\"contentUrl\":\"https:\\\/\\\/ibiti.com\\\/wp-content\\\/uploads\\\/2024\\\/10\\\/ibiti-logo-default.svg\",\"width\":80,\"height\":54,\"caption\":\"IBITI\"},\"image\":{\"@id\":\"https:\\\/\\\/ibiti.com\\\/#\\\/schema\\\/logo\\\/image\\\/\"}},{\"@type\":\"Person\",\"@id\":\"https:\\\/\\\/ibiti.com\\\/#\\\/schema\\\/person\\\/a1c7394a4e912f501f91fc1c90c6d295\",\"name\":\"Isabel Pequeno\",\"image\":{\"@type\":\"ImageObject\",\"inLanguage\":\"en-US\",\"@id\":\"https:\\\/\\\/secure.gravatar.com\\\/avatar\\\/4ba47a46d9b3622ee84694330b6a9feb1941c6e435bb4964f12478eae187f5ea?s=96&d=mm&r=g\",\"url\":\"https:\\\/\\\/secure.gravatar.com\\\/avatar\\\/4ba47a46d9b3622ee84694330b6a9feb1941c6e435bb4964f12478eae187f5ea?s=96&d=mm&r=g\",\"contentUrl\":\"https:\\\/\\\/secure.gravatar.com\\\/avatar\\\/4ba47a46d9b3622ee84694330b6a9feb1941c6e435bb4964f12478eae187f5ea?s=96&d=mm&r=g\",\"caption\":\"Isabel Pequeno\"},\"url\":\"https:\\\/\\\/ibiti.com\\\/en\\\/author\\\/isabel\\\/\"}]}<\/script>\n<!-- \/ Yoast SEO plugin. -->","yoast_head_json":{"title":"Ibiti regenerates more than 1,200 hectares of Atlantic Forest - IBITI","description":"An unprecedented study using satellite images proves that the Atlantic Forest has regenerated for four decades. See the figures.","robots":{"index":"index","follow":"follow","max-snippet":"max-snippet:-1","max-image-preview":"max-image-preview:large","max-video-preview":"max-video-preview:-1"},"canonical":"https:\/\/ibiti.com\/en\/ibiti-regenerates-more-than-1200-hectares-of-atlantic-forest\/","og_locale":"en_US","og_type":"article","og_title":"Ibiti regenera mais de 1.200 hectares de Mata Atl\u00e2ntica\u00a0 - IBITI","og_description":"Estudo in\u00e9dito com imagens de sat\u00e9lite comprova quatro d\u00e9cadas de regenera\u00e7\u00e3o da Mata Atl\u00e2ntica. Veja os n\u00fameros.","og_url":"https:\/\/ibiti.com\/en\/ibiti-regenerates-more-than-1200-hectares-of-atlantic-forest\/","og_site_name":"IBITI","article_published_time":"2025-12-29T17:26:02+00:00","article_modified_time":"2025-12-29T17:26:03+00:00","og_image":[{"width":1200,"height":800,"url":"https:\/\/ibiti.com\/wp-content\/uploads\/2025\/12\/Ibiti-regenera-6.webp","type":"image\/webp"}],"author":"Isabel Pequeno","twitter_card":"summary_large_image","twitter_misc":{"Written by":"Isabel Pequeno","Est. reading time":"11 minutes"},"schema":{"@context":"https:\/\/schema.org","@graph":[{"@type":"Article","@id":"https:\/\/ibiti.com\/ibiti-regenera-mais-de-1-200-hectares-de-mata-atlantica\/#article","isPartOf":{"@id":"https:\/\/ibiti.com\/ibiti-regenera-mais-de-1-200-hectares-de-mata-atlantica\/"},"author":{"name":"Isabel Pequeno","@id":"https:\/\/ibiti.com\/#\/schema\/person\/a1c7394a4e912f501f91fc1c90c6d295"},"headline":"Ibiti regenera mais de 1.200 hectares de Mata Atl\u00e2ntica\u00a0","datePublished":"2025-12-29T17:26:02+00:00","dateModified":"2025-12-29T17:26:03+00:00","mainEntityOfPage":{"@id":"https:\/\/ibiti.com\/ibiti-regenera-mais-de-1-200-hectares-de-mata-atlantica\/"},"wordCount":1723,"publisher":{"@id":"https:\/\/ibiti.com\/#organization"},"image":{"@id":"https:\/\/ibiti.com\/ibiti-regenera-mais-de-1-200-hectares-de-mata-atlantica\/#primaryimage"},"thumbnailUrl":"https:\/\/ibiti.com\/wp-content\/uploads\/2025\/12\/Ibiti-regenera-6.webp","keywords":["ibiti","ibiti projeto","ibiti regenera","Ibitipoca","Mata Atlantica","natureza","regenera\u00e7\u00e3o"],"articleSection":["Ibiti News"],"inLanguage":"en-US"},{"@type":"WebPage","@id":"https:\/\/ibiti.com\/ibiti-regenera-mais-de-1-200-hectares-de-mata-atlantica\/","url":"https:\/\/ibiti.com\/ibiti-regenera-mais-de-1-200-hectares-de-mata-atlantica\/","name":"Ibiti regenerates more than 1,200 hectares of Atlantic Forest - IBITI","isPartOf":{"@id":"https:\/\/ibiti.com\/#website"},"primaryImageOfPage":{"@id":"https:\/\/ibiti.com\/ibiti-regenera-mais-de-1-200-hectares-de-mata-atlantica\/#primaryimage"},"image":{"@id":"https:\/\/ibiti.com\/ibiti-regenera-mais-de-1-200-hectares-de-mata-atlantica\/#primaryimage"},"thumbnailUrl":"https:\/\/ibiti.com\/wp-content\/uploads\/2025\/12\/Ibiti-regenera-6.webp","datePublished":"2025-12-29T17:26:02+00:00","dateModified":"2025-12-29T17:26:03+00:00","description":"An unprecedented study using satellite images proves that the Atlantic Forest has regenerated for four decades. See the figures.","inLanguage":"en-US","potentialAction":[{"@type":"ReadAction","target":["https:\/\/ibiti.com\/ibiti-regenera-mais-de-1-200-hectares-de-mata-atlantica\/"]}]},{"@type":"ImageObject","inLanguage":"en-US","@id":"https:\/\/ibiti.com\/ibiti-regenera-mais-de-1-200-hectares-de-mata-atlantica\/#primaryimage","url":"https:\/\/ibiti.com\/wp-content\/uploads\/2025\/12\/Ibiti-regenera-6.webp","contentUrl":"https:\/\/ibiti.com\/wp-content\/uploads\/2025\/12\/Ibiti-regenera-6.webp","width":1200,"height":800},{"@type":"WebSite","@id":"https:\/\/ibiti.com\/#website","url":"https:\/\/ibiti.com\/","name":"IBITI","description":"We are an experimental socio-environmental project focused on man and his home, the planet.  We are a new world in the mountains of Minas Gerais.  We believe in harmony between human beings and nature.","publisher":{"@id":"https:\/\/ibiti.com\/#organization"},"potentialAction":[{"@type":"SearchAction","target":{"@type":"EntryPoint","urlTemplate":"https:\/\/ibiti.com\/?s={search_term_string}"},"query-input":{"@type":"PropertyValueSpecification","valueRequired":true,"valueName":"search_term_string"}}],"inLanguage":"en-US"},{"@type":"Organization","@id":"https:\/\/ibiti.com\/#organization","name":"IBITI","url":"https:\/\/ibiti.com\/","logo":{"@type":"ImageObject","inLanguage":"en-US","@id":"https:\/\/ibiti.com\/#\/schema\/logo\/image\/","url":"https:\/\/ibiti.com\/wp-content\/uploads\/2024\/10\/ibiti-logo-default.svg","contentUrl":"https:\/\/ibiti.com\/wp-content\/uploads\/2024\/10\/ibiti-logo-default.svg","width":80,"height":54,"caption":"IBITI"},"image":{"@id":"https:\/\/ibiti.com\/#\/schema\/logo\/image\/"}},{"@type":"Person","@id":"https:\/\/ibiti.com\/#\/schema\/person\/a1c7394a4e912f501f91fc1c90c6d295","name":"Isabel Pequeno","image":{"@type":"ImageObject","inLanguage":"en-US","@id":"https:\/\/secure.gravatar.com\/avatar\/4ba47a46d9b3622ee84694330b6a9feb1941c6e435bb4964f12478eae187f5ea?s=96&d=mm&r=g","url":"https:\/\/secure.gravatar.com\/avatar\/4ba47a46d9b3622ee84694330b6a9feb1941c6e435bb4964f12478eae187f5ea?s=96&d=mm&r=g","contentUrl":"https:\/\/secure.gravatar.com\/avatar\/4ba47a46d9b3622ee84694330b6a9feb1941c6e435bb4964f12478eae187f5ea?s=96&d=mm&r=g","caption":"Isabel Pequeno"},"url":"https:\/\/ibiti.com\/en\/author\/isabel\/"}]}},"jetpack_featured_media_url":"https:\/\/ibiti.com\/wp-content\/uploads\/2025\/12\/Ibiti-regenera-6.webp","jetpack_sharing_enabled":true,"_links":{"self":[{"href":"https:\/\/ibiti.com\/en\/wp-json\/wp\/v2\/posts\/7924","targetHints":{"allow":["GET"]}}],"collection":[{"href":"https:\/\/ibiti.com\/en\/wp-json\/wp\/v2\/posts"}],"about":[{"href":"https:\/\/ibiti.com\/en\/wp-json\/wp\/v2\/types\/post"}],"author":[{"embeddable":true,"href":"https:\/\/ibiti.com\/en\/wp-json\/wp\/v2\/users\/7"}],"replies":[{"embeddable":true,"href":"https:\/\/ibiti.com\/en\/wp-json\/wp\/v2\/comments?post=7924"}],"version-history":[{"count":0,"href":"https:\/\/ibiti.com\/en\/wp-json\/wp\/v2\/posts\/7924\/revisions"}],"wp:featuredmedia":[{"embeddable":true,"href":"https:\/\/ibiti.com\/en\/wp-json\/wp\/v2\/media\/7927"}],"wp:attachment":[{"href":"https:\/\/ibiti.com\/en\/wp-json\/wp\/v2\/media?parent=7924"}],"wp:term":[{"taxonomy":"category","embeddable":true,"href":"https:\/\/ibiti.com\/en\/wp-json\/wp\/v2\/categories?post=7924"},{"taxonomy":"post_tag","embeddable":true,"href":"https:\/\/ibiti.com\/en\/wp-json\/wp\/v2\/tags?post=7924"}],"curies":[{"name":"wp","href":"https:\/\/api.w.org\/{rel}","templated":true}]}}