{"id":7395,"date":"2025-09-19T10:08:18","date_gmt":"2025-09-19T13:08:18","guid":{"rendered":"https:\/\/ibiti.com\/?p=7395"},"modified":"2026-03-10T18:32:41","modified_gmt":"2026-03-10T21:32:41","slug":"air-bridge-sp-ibiti-nature-closer-to-you","status":"publish","type":"post","link":"https:\/\/ibiti.com\/en\/air-bridge-sp-ibiti-nature-closer-to-you\/","title":{"rendered":"SP-Ibiti air bridge: Nature closer to you!"},"content":{"rendered":"<p>Getting to Ibiti has never been so easy - and so enchanting. Now, a regular SP-Ibiti flight connects S\u00e3o Paulo to Ibiti Projeto in just 1h20, shortening distances and bringing guests closer to one of Brazil's most unique experiences.<\/p>\n\n\n\n<p>Thanks to an unprecedented partnership with <a href=\"https:\/\/flyflapper.com\">Flapper<\/a>As a reference in executive aviation, weekends now have a new possibility: take off from Campo de Marte on Friday afternoon and, a few hours later, be immersed in the trails, waterfalls and flavors that make Ibiti Projeto a unique destination in the world.<\/p>\n\n\n\n<p>\"More than shortening distances, this project represents a milestone in the consolidation of Ibiti as a benchmark destination for sustainable hospitality, regeneration and culture. We want access to be as special as the experience that awaits each guest here,\" says Hugo Cambraia, Ibiti's CEO.<\/p>\n\n\n\n<figure class=\"wp-block-image size-large\"><img fetchpriority=\"high\" decoding=\"async\" width=\"876\" height=\"1024\" src=\"https:\/\/ibiti.com\/wp-content\/uploads\/2025\/09\/aero-porto-ibiti-2-876x1024.webp\" alt=\"\" class=\"wp-image-7485\" srcset=\"https:\/\/ibiti.com\/wp-content\/uploads\/2025\/09\/aero-porto-ibiti-2-876x1024.webp 876w, https:\/\/ibiti.com\/wp-content\/uploads\/2025\/09\/aero-porto-ibiti-2-257x300.webp 257w, https:\/\/ibiti.com\/wp-content\/uploads\/2025\/09\/aero-porto-ibiti-2-768x898.webp 768w, https:\/\/ibiti.com\/wp-content\/uploads\/2025\/09\/aero-porto-ibiti-2-10x12.webp 10w, https:\/\/ibiti.com\/wp-content\/uploads\/2025\/09\/aero-porto-ibiti-2.webp 951w\" sizes=\"(max-width: 876px) 100vw, 876px\" \/><\/figure>\n\n\n\n<h2 class=\"wp-block-heading\"><strong>Comfort in the air, freedom on earth<\/strong><\/h2>\n\n\n\n<p>The route is operated in a Caravan Grand, a safe and comfortable aircraft for up to nine passengers, with a large luggage compartment for bicycles, musical instruments or suitcases for those coming to experience intense days of nature and well-being.<\/p>\n\n\n\n<p>Thanks to this new air bridge, weekends gain a new possibility: take off from Campo de Marte on Friday afternoon and, just over an hour later, be immersed in the trails, waterfalls and flavors that make Ibiti Projeto a unique destination in the world.<\/p>\n\n\n\n<p>In addition, Ibiti Projeto guests who choose to stay from Sunday to Thursday have special rates on repositioning sections, starting at R$ 750 per leg.<\/p>\n\n\n\n<h2 class=\"wp-block-heading\"><strong>Exclusive experiences<\/strong><\/h2>\n\n\n\n<p>With the air bridge on the same weekend, it's possible:<\/p>\n\n\n\n<p>- Enjoy a candlelit dinner<br>- Attending piano concerts,<br>- Cycling along more than 300 km of trails<br>- Enjoy therapies and spa<br>- Observing the sky, the sun, the moon and the stars<br>- Diving in crystal-clear waterfalls<\/p>\n\n\n\n<p>All this in a conservation and regeneration area of around 6,000 hectares, which brings together nature, art, philosophy and the hospitality of Minas Gerais.<\/p>\n\n\n\n<h2 class=\"wp-block-heading\"><strong>The runway that was born from a dream<\/strong><\/h2>\n\n\n\n<figure class=\"wp-block-image size-large\"><img decoding=\"async\" width=\"1024\" height=\"768\" src=\"https:\/\/ibiti.com\/wp-content\/uploads\/2025\/09\/Carlinhos-Repetto-1024x768.webp\" alt=\"\" class=\"wp-image-7412\" srcset=\"https:\/\/ibiti.com\/wp-content\/uploads\/2025\/09\/Carlinhos-Repetto-1024x768.webp 1024w, https:\/\/ibiti.com\/wp-content\/uploads\/2025\/09\/Carlinhos-Repetto-300x225.webp 300w, https:\/\/ibiti.com\/wp-content\/uploads\/2025\/09\/Carlinhos-Repetto-768x576.webp 768w, https:\/\/ibiti.com\/wp-content\/uploads\/2025\/09\/Carlinhos-Repetto-16x12.webp 16w, https:\/\/ibiti.com\/wp-content\/uploads\/2025\/09\/Carlinhos-Repetto.webp 1280w\" sizes=\"(max-width: 1024px) 100vw, 1024px\" \/><figcaption class=\"wp-element-caption\"><em>Carlinhos Repetto: creator of the track in the early 2000s<\/em><\/figcaption><\/figure>\n\n\n\n<p>Recently renovated, the Carolina de Assis Aerodrome (SJXM) now has an asphalt sidewalk, an expanded patio and operations compatible with executive aircraft such as Caravan, King Air and Pilatus.&nbsp;<\/p>\n\n\n\n<p>Located at an altitude of 1,100 meters, the runway is 860 meters long and 15 meters wide, with an 8\u00ba incline and a yard that can hold up to 4 aircraft.&nbsp;<\/p>\n\n\n\n<p>The dream of the runway was born with Carlinhos Repetto, founder of Ibiti Projeto, inspired by mountain airports like Courchevel. In challenging terrain, in the first decade of the 2000s he made it possible to build it in a clearing in the middle of the forest, without having to cut down a single tree. The airfield was named after his mother, Carolina de Assis Repetto (1920-2025).<\/p>\n\n\n\n<p>The first woman to earn her aviator's license in Minas Gerais in 1939, Dona Lilina, as she was known, challenged the standards of the time with boldness and courage. She flew aerobatics in her PP-GAN airplane, represented Minas Gerais in competitions and also stood out as a self-taught architect and the matriarch of a large family. Carolina passed away in February 2025 at the age of 104.<\/p>\n\n\n\n<figure class=\"wp-block-image size-large\"><img decoding=\"async\" width=\"1024\" height=\"721\" src=\"https:\/\/ibiti.com\/wp-content\/uploads\/2025\/09\/Carolina-Assis-Repetto-1024x721.webp\" alt=\"\" class=\"wp-image-7411\" srcset=\"https:\/\/ibiti.com\/wp-content\/uploads\/2025\/09\/Carolina-Assis-Repetto-1024x721.webp 1024w, https:\/\/ibiti.com\/wp-content\/uploads\/2025\/09\/Carolina-Assis-Repetto-300x211.webp 300w, https:\/\/ibiti.com\/wp-content\/uploads\/2025\/09\/Carolina-Assis-Repetto-768x541.webp 768w, https:\/\/ibiti.com\/wp-content\/uploads\/2025\/09\/Carolina-Assis-Repetto-18x12.webp 18w, https:\/\/ibiti.com\/wp-content\/uploads\/2025\/09\/Carolina-Assis-Repetto.webp 1068w\" sizes=\"(max-width: 1024px) 100vw, 1024px\" \/><figcaption class=\"wp-element-caption\"><em>Carolina de Assis Repetto when she was flying the PP-GAN<\/em><\/figcaption><\/figure>\n\n\n\n<h3 class=\"wp-block-heading\"><strong>Celebration<\/strong><\/h3>\n\n\n\n<p>The official inauguration, on September 18, brought together authorities, partners and friends of Ibiti Projeto, marking the beginning of a new stage for sustainable tourism in Ibiti Projeto.<\/p>\n\n\n\n<h2 class=\"wp-block-heading\">Firefighting<\/h2>\n\n\n\n<p>The runway not only shortens the distance between S\u00e3o Paulo and Ibiti Projeto, but is also a strategic support point for fighting fires in the region. In 2021, during a fire in the park, the operation was only circumvented with the help of aircraft hired by Ibiti Projeto, which used the then grass airfield as a base. With the renovation and asphalting, the runway now offers even safer and more efficient infrastructure to support emergency actions, as well as allowing guests to fly exclusively.<\/p>\n\n\n\n<h3 class=\"wp-block-heading\"><strong>Book your seat<\/strong><\/h3>\n\n\n\n<p><a href=\"https:\/\/flyflapper.com\"> flyflapper.com<br><\/a><\/p>\n\n\n\n<h3 class=\"wp-block-heading\">Information and accommodation<\/h3>\n\n\n\n<p><a href=\"https:\/\/wa.me\/5532984492200?text=Ol%C3%A1,%20gostaria%20de%20mais%20informa%C3%A7%C3%B5es.\"><strong> (32) 98449-2200 <\/strong><\/a>&nbsp;<\/p>\n\n\n\n<p><a href=\"https:\/\/wa.me\/5532999847626?text=Ol%C3%A1,%20gostaria%20de%20mais%20informa%C3%A7%C3%B5es.\"><strong> (32) 99984-7626<\/strong><\/a><\/p>\n\n\n\n<h3 class=\"wp-block-heading\"><strong>Learn more<\/strong><\/h3>\n\n\n\n<p><a href=\"http:\/\/ibiti.com\">ibiti.com<\/a><\/p>\n\n\n\n<p><a href=\"https:\/\/www.instagram.com\/ibitiprojeto\/\">@ibitiprojeto<\/a><\/p>\n\n\n\n<p><a href=\"https:\/\/www.instagram.com\/ibiti.village\/\">@ibiti.village<\/a><\/p>\n\n\n\n<p><a href=\"https:\/\/www.instagram.com\/ibitiengenho\/\">@ibitiengenho<\/a>&nbsp;<\/p>\n\n\n\n<p><\/p>","protected":false},"excerpt":{"rendered":"<p>Chegar ao Ibiti nunca foi t\u00e3o f\u00e1cil \u2014 e t\u00e3o encantador. Agora, um voo regular SP-Ibiti conecta S\u00e3o Paulo ao Ibiti Projeto em apenas 1h20, encurtando dist\u00e2ncias e aproximando o h\u00f3spede de uma das experi\u00eancias mais singulares do Brasil. Gra\u00e7as a uma parceria in\u00e9dita com a Flapper, refer\u00eancia em avia\u00e7\u00e3o executiva, os fins de semana [&hellip;]<\/p>\n","protected":false},"author":7,"featured_media":7486,"comment_status":"closed","ping_status":"open","sticky":false,"template":"","format":"standard","meta":{"_jetpack_memberships_contains_paid_content":false,"footnotes":""},"categories":[13],"tags":[287,266,154,119,88,152,286],"class_list":["post-7395","post","type-post","status-publish","format-standard","has-post-thumbnail","hentry","category-ibiti-news","tag-aerodromo","tag-carlinhos-repetto","tag-ibiti","tag-ibiti-projeto","tag-ibitipoca","tag-noticias","tag-pista-de-pouso"],"yoast_head":"<!-- This site is optimized with the Yoast SEO plugin v27.5 - https:\/\/yoast.com\/product\/yoast-seo-wordpress\/ -->\n<title>Ponte a\u00e9rea SP-Ibiti: A natureza mais perto de voc\u00ea! - IBITI<\/title>\n<meta name=\"description\" content=\"Ibiti Projeto inaugura pista de pouso reformada e lan\u00e7a voo S\u00e3o Paulo\u2013Ibiti exclusivo para h\u00f3spedes, unindo pioneirismo e turismo sustent\u00e1vel\" \/>\n<meta name=\"robots\" content=\"index, follow, max-snippet:-1, max-image-preview:large, max-video-preview:-1\" \/>\n<link rel=\"canonical\" href=\"https:\/\/ibiti.com\/en\/air-bridge-sp-ibiti-nature-closer-to-you\/\" \/>\n<meta property=\"og:locale\" content=\"en_US\" \/>\n<meta property=\"og:type\" content=\"article\" \/>\n<meta property=\"og:title\" content=\"Ponte a\u00e9rea SP-Ibiti: A natureza mais perto de voc\u00ea! - IBITI\" \/>\n<meta property=\"og:description\" content=\"Ibiti Projeto inaugura pista de pouso reformada e lan\u00e7a voo S\u00e3o Paulo\u2013Ibiti exclusivo para h\u00f3spedes, unindo pioneirismo e turismo sustent\u00e1vel\" \/>\n<meta property=\"og:url\" content=\"https:\/\/ibiti.com\/en\/air-bridge-sp-ibiti-nature-closer-to-you\/\" \/>\n<meta property=\"og:site_name\" content=\"IBITI\" \/>\n<meta property=\"article:published_time\" content=\"2025-09-19T13:08:18+00:00\" \/>\n<meta property=\"article:modified_time\" content=\"2026-03-10T21:32:41+00:00\" \/>\n<meta property=\"og:image\" content=\"https:\/\/ibiti.com\/wp-content\/uploads\/2025\/09\/aero-porto-ibiti-1.webp\" \/>\n\t<meta property=\"og:image:width\" content=\"968\" \/>\n\t<meta property=\"og:image:height\" content=\"612\" \/>\n\t<meta property=\"og:image:type\" content=\"image\/webp\" \/>\n<meta name=\"author\" content=\"Isabel Pequeno\" \/>\n<meta name=\"twitter:card\" content=\"summary_large_image\" \/>\n<meta name=\"twitter:label1\" content=\"Written by\" \/>\n\t<meta name=\"twitter:data1\" content=\"Isabel Pequeno\" \/>\n\t<meta name=\"twitter:label2\" content=\"Est. reading time\" \/>\n\t<meta name=\"twitter:data2\" content=\"5 minutes\" \/>\n<script type=\"application\/ld+json\" class=\"yoast-schema-graph\">{\"@context\":\"https:\\\/\\\/schema.org\",\"@graph\":[{\"@type\":\"Article\",\"@id\":\"https:\\\/\\\/ibiti.com\\\/ponte-aerea-sp-ibiti-a-natureza-mais-perto-de-voce\\\/#article\",\"isPartOf\":{\"@id\":\"https:\\\/\\\/ibiti.com\\\/ponte-aerea-sp-ibiti-a-natureza-mais-perto-de-voce\\\/\"},\"author\":{\"name\":\"Isabel Pequeno\",\"@id\":\"https:\\\/\\\/ibiti.com\\\/#\\\/schema\\\/person\\\/a1c7394a4e912f501f91fc1c90c6d295\"},\"headline\":\"Ponte a\u00e9rea SP-Ibiti: A natureza mais perto de voc\u00ea!\",\"datePublished\":\"2025-09-19T13:08:18+00:00\",\"dateModified\":\"2026-03-10T21:32:41+00:00\",\"mainEntityOfPage\":{\"@id\":\"https:\\\/\\\/ibiti.com\\\/ponte-aerea-sp-ibiti-a-natureza-mais-perto-de-voce\\\/\"},\"wordCount\":739,\"publisher\":{\"@id\":\"https:\\\/\\\/ibiti.com\\\/#organization\"},\"image\":{\"@id\":\"https:\\\/\\\/ibiti.com\\\/ponte-aerea-sp-ibiti-a-natureza-mais-perto-de-voce\\\/#primaryimage\"},\"thumbnailUrl\":\"https:\\\/\\\/ibiti.com\\\/wp-content\\\/uploads\\\/2025\\\/09\\\/aero-porto-ibiti-1.webp\",\"keywords\":[\"aer\u00f3dromo\",\"Carlinhos Repetto\",\"ibiti\",\"ibiti projeto\",\"Ibitipoca\",\"noticias\",\"pista de pouso\"],\"articleSection\":[\"Ibiti News\"],\"inLanguage\":\"en-US\"},{\"@type\":\"WebPage\",\"@id\":\"https:\\\/\\\/ibiti.com\\\/ponte-aerea-sp-ibiti-a-natureza-mais-perto-de-voce\\\/\",\"url\":\"https:\\\/\\\/ibiti.com\\\/ponte-aerea-sp-ibiti-a-natureza-mais-perto-de-voce\\\/\",\"name\":\"Ponte a\u00e9rea SP-Ibiti: A natureza mais perto de voc\u00ea! - IBITI\",\"isPartOf\":{\"@id\":\"https:\\\/\\\/ibiti.com\\\/#website\"},\"primaryImageOfPage\":{\"@id\":\"https:\\\/\\\/ibiti.com\\\/ponte-aerea-sp-ibiti-a-natureza-mais-perto-de-voce\\\/#primaryimage\"},\"image\":{\"@id\":\"https:\\\/\\\/ibiti.com\\\/ponte-aerea-sp-ibiti-a-natureza-mais-perto-de-voce\\\/#primaryimage\"},\"thumbnailUrl\":\"https:\\\/\\\/ibiti.com\\\/wp-content\\\/uploads\\\/2025\\\/09\\\/aero-porto-ibiti-1.webp\",\"datePublished\":\"2025-09-19T13:08:18+00:00\",\"dateModified\":\"2026-03-10T21:32:41+00:00\",\"description\":\"Ibiti Projeto inaugura pista de pouso reformada e lan\u00e7a voo S\u00e3o Paulo\u2013Ibiti exclusivo para h\u00f3spedes, unindo pioneirismo e turismo sustent\u00e1vel\",\"inLanguage\":\"en-US\",\"potentialAction\":[{\"@type\":\"ReadAction\",\"target\":[\"https:\\\/\\\/ibiti.com\\\/ponte-aerea-sp-ibiti-a-natureza-mais-perto-de-voce\\\/\"]}]},{\"@type\":\"ImageObject\",\"inLanguage\":\"en-US\",\"@id\":\"https:\\\/\\\/ibiti.com\\\/ponte-aerea-sp-ibiti-a-natureza-mais-perto-de-voce\\\/#primaryimage\",\"url\":\"https:\\\/\\\/ibiti.com\\\/wp-content\\\/uploads\\\/2025\\\/09\\\/aero-porto-ibiti-1.webp\",\"contentUrl\":\"https:\\\/\\\/ibiti.com\\\/wp-content\\\/uploads\\\/2025\\\/09\\\/aero-porto-ibiti-1.webp\",\"width\":968,\"height\":612},{\"@type\":\"WebSite\",\"@id\":\"https:\\\/\\\/ibiti.com\\\/#website\",\"url\":\"https:\\\/\\\/ibiti.com\\\/\",\"name\":\"IBITI\",\"description\":\"Somos um projeto socioambiental experimental focado no homem e sua casa, o planeta.  Somos um novo mundo nas montanhas de Minas.  Acreditamos na harmonia entre o ser humano e a natureza.\",\"publisher\":{\"@id\":\"https:\\\/\\\/ibiti.com\\\/#organization\"},\"potentialAction\":[{\"@type\":\"SearchAction\",\"target\":{\"@type\":\"EntryPoint\",\"urlTemplate\":\"https:\\\/\\\/ibiti.com\\\/?s={search_term_string}\"},\"query-input\":{\"@type\":\"PropertyValueSpecification\",\"valueRequired\":true,\"valueName\":\"search_term_string\"}}],\"inLanguage\":\"en-US\"},{\"@type\":\"Organization\",\"@id\":\"https:\\\/\\\/ibiti.com\\\/#organization\",\"name\":\"IBITI\",\"url\":\"https:\\\/\\\/ibiti.com\\\/\",\"logo\":{\"@type\":\"ImageObject\",\"inLanguage\":\"en-US\",\"@id\":\"https:\\\/\\\/ibiti.com\\\/#\\\/schema\\\/logo\\\/image\\\/\",\"url\":\"https:\\\/\\\/ibiti.com\\\/wp-content\\\/uploads\\\/2024\\\/10\\\/ibiti-logo-default.svg\",\"contentUrl\":\"https:\\\/\\\/ibiti.com\\\/wp-content\\\/uploads\\\/2024\\\/10\\\/ibiti-logo-default.svg\",\"width\":80,\"height\":54,\"caption\":\"IBITI\"},\"image\":{\"@id\":\"https:\\\/\\\/ibiti.com\\\/#\\\/schema\\\/logo\\\/image\\\/\"}},{\"@type\":\"Person\",\"@id\":\"https:\\\/\\\/ibiti.com\\\/#\\\/schema\\\/person\\\/a1c7394a4e912f501f91fc1c90c6d295\",\"name\":\"Isabel Pequeno\",\"image\":{\"@type\":\"ImageObject\",\"inLanguage\":\"en-US\",\"@id\":\"https:\\\/\\\/secure.gravatar.com\\\/avatar\\\/4ba47a46d9b3622ee84694330b6a9feb1941c6e435bb4964f12478eae187f5ea?s=96&d=mm&r=g\",\"url\":\"https:\\\/\\\/secure.gravatar.com\\\/avatar\\\/4ba47a46d9b3622ee84694330b6a9feb1941c6e435bb4964f12478eae187f5ea?s=96&d=mm&r=g\",\"contentUrl\":\"https:\\\/\\\/secure.gravatar.com\\\/avatar\\\/4ba47a46d9b3622ee84694330b6a9feb1941c6e435bb4964f12478eae187f5ea?s=96&d=mm&r=g\",\"caption\":\"Isabel Pequeno\"},\"url\":\"https:\\\/\\\/ibiti.com\\\/en\\\/author\\\/isabel\\\/\"}]}<\/script>\n<!-- \/ Yoast SEO plugin. -->","yoast_head_json":{"title":"SP-Ibiti air bridge: Nature closer to you! - IBITI","description":"Ibiti Projeto inaugurates refurbished airstrip and launches exclusive S\u00e3o Paulo-Ibiti flight for guests, combining pioneering spirit and sustainable tourism","robots":{"index":"index","follow":"follow","max-snippet":"max-snippet:-1","max-image-preview":"max-image-preview:large","max-video-preview":"max-video-preview:-1"},"canonical":"https:\/\/ibiti.com\/en\/air-bridge-sp-ibiti-nature-closer-to-you\/","og_locale":"en_US","og_type":"article","og_title":"Ponte a\u00e9rea SP-Ibiti: A natureza mais perto de voc\u00ea! - IBITI","og_description":"Ibiti Projeto inaugura pista de pouso reformada e lan\u00e7a voo S\u00e3o Paulo\u2013Ibiti exclusivo para h\u00f3spedes, unindo pioneirismo e turismo sustent\u00e1vel","og_url":"https:\/\/ibiti.com\/en\/air-bridge-sp-ibiti-nature-closer-to-you\/","og_site_name":"IBITI","article_published_time":"2025-09-19T13:08:18+00:00","article_modified_time":"2026-03-10T21:32:41+00:00","og_image":[{"width":968,"height":612,"url":"https:\/\/ibiti.com\/wp-content\/uploads\/2025\/09\/aero-porto-ibiti-1.webp","type":"image\/webp"}],"author":"Isabel Pequeno","twitter_card":"summary_large_image","twitter_misc":{"Written by":"Isabel Pequeno","Est. reading time":"5 minutes"},"schema":{"@context":"https:\/\/schema.org","@graph":[{"@type":"Article","@id":"https:\/\/ibiti.com\/ponte-aerea-sp-ibiti-a-natureza-mais-perto-de-voce\/#article","isPartOf":{"@id":"https:\/\/ibiti.com\/ponte-aerea-sp-ibiti-a-natureza-mais-perto-de-voce\/"},"author":{"name":"Isabel Pequeno","@id":"https:\/\/ibiti.com\/#\/schema\/person\/a1c7394a4e912f501f91fc1c90c6d295"},"headline":"Ponte a\u00e9rea SP-Ibiti: A natureza mais perto de voc\u00ea!","datePublished":"2025-09-19T13:08:18+00:00","dateModified":"2026-03-10T21:32:41+00:00","mainEntityOfPage":{"@id":"https:\/\/ibiti.com\/ponte-aerea-sp-ibiti-a-natureza-mais-perto-de-voce\/"},"wordCount":739,"publisher":{"@id":"https:\/\/ibiti.com\/#organization"},"image":{"@id":"https:\/\/ibiti.com\/ponte-aerea-sp-ibiti-a-natureza-mais-perto-de-voce\/#primaryimage"},"thumbnailUrl":"https:\/\/ibiti.com\/wp-content\/uploads\/2025\/09\/aero-porto-ibiti-1.webp","keywords":["aer\u00f3dromo","Carlinhos Repetto","ibiti","ibiti projeto","Ibitipoca","noticias","pista de pouso"],"articleSection":["Ibiti News"],"inLanguage":"en-US"},{"@type":"WebPage","@id":"https:\/\/ibiti.com\/ponte-aerea-sp-ibiti-a-natureza-mais-perto-de-voce\/","url":"https:\/\/ibiti.com\/ponte-aerea-sp-ibiti-a-natureza-mais-perto-de-voce\/","name":"SP-Ibiti air bridge: Nature closer to you! - IBITI","isPartOf":{"@id":"https:\/\/ibiti.com\/#website"},"primaryImageOfPage":{"@id":"https:\/\/ibiti.com\/ponte-aerea-sp-ibiti-a-natureza-mais-perto-de-voce\/#primaryimage"},"image":{"@id":"https:\/\/ibiti.com\/ponte-aerea-sp-ibiti-a-natureza-mais-perto-de-voce\/#primaryimage"},"thumbnailUrl":"https:\/\/ibiti.com\/wp-content\/uploads\/2025\/09\/aero-porto-ibiti-1.webp","datePublished":"2025-09-19T13:08:18+00:00","dateModified":"2026-03-10T21:32:41+00:00","description":"Ibiti Projeto inaugurates refurbished airstrip and launches exclusive S\u00e3o Paulo-Ibiti flight for guests, combining pioneering spirit and sustainable tourism","inLanguage":"en-US","potentialAction":[{"@type":"ReadAction","target":["https:\/\/ibiti.com\/ponte-aerea-sp-ibiti-a-natureza-mais-perto-de-voce\/"]}]},{"@type":"ImageObject","inLanguage":"en-US","@id":"https:\/\/ibiti.com\/ponte-aerea-sp-ibiti-a-natureza-mais-perto-de-voce\/#primaryimage","url":"https:\/\/ibiti.com\/wp-content\/uploads\/2025\/09\/aero-porto-ibiti-1.webp","contentUrl":"https:\/\/ibiti.com\/wp-content\/uploads\/2025\/09\/aero-porto-ibiti-1.webp","width":968,"height":612},{"@type":"WebSite","@id":"https:\/\/ibiti.com\/#website","url":"https:\/\/ibiti.com\/","name":"IBITI","description":"We are an experimental socio-environmental project focused on man and his home, the planet.  We are a new world in the mountains of Minas Gerais.  We believe in harmony between human beings and nature.","publisher":{"@id":"https:\/\/ibiti.com\/#organization"},"potentialAction":[{"@type":"SearchAction","target":{"@type":"EntryPoint","urlTemplate":"https:\/\/ibiti.com\/?s={search_term_string}"},"query-input":{"@type":"PropertyValueSpecification","valueRequired":true,"valueName":"search_term_string"}}],"inLanguage":"en-US"},{"@type":"Organization","@id":"https:\/\/ibiti.com\/#organization","name":"IBITI","url":"https:\/\/ibiti.com\/","logo":{"@type":"ImageObject","inLanguage":"en-US","@id":"https:\/\/ibiti.com\/#\/schema\/logo\/image\/","url":"https:\/\/ibiti.com\/wp-content\/uploads\/2024\/10\/ibiti-logo-default.svg","contentUrl":"https:\/\/ibiti.com\/wp-content\/uploads\/2024\/10\/ibiti-logo-default.svg","width":80,"height":54,"caption":"IBITI"},"image":{"@id":"https:\/\/ibiti.com\/#\/schema\/logo\/image\/"}},{"@type":"Person","@id":"https:\/\/ibiti.com\/#\/schema\/person\/a1c7394a4e912f501f91fc1c90c6d295","name":"Isabel Pequeno","image":{"@type":"ImageObject","inLanguage":"en-US","@id":"https:\/\/secure.gravatar.com\/avatar\/4ba47a46d9b3622ee84694330b6a9feb1941c6e435bb4964f12478eae187f5ea?s=96&d=mm&r=g","url":"https:\/\/secure.gravatar.com\/avatar\/4ba47a46d9b3622ee84694330b6a9feb1941c6e435bb4964f12478eae187f5ea?s=96&d=mm&r=g","contentUrl":"https:\/\/secure.gravatar.com\/avatar\/4ba47a46d9b3622ee84694330b6a9feb1941c6e435bb4964f12478eae187f5ea?s=96&d=mm&r=g","caption":"Isabel Pequeno"},"url":"https:\/\/ibiti.com\/en\/author\/isabel\/"}]}},"jetpack_featured_media_url":"https:\/\/ibiti.com\/wp-content\/uploads\/2025\/09\/aero-porto-ibiti-1.webp","jetpack_sharing_enabled":true,"_links":{"self":[{"href":"https:\/\/ibiti.com\/en\/wp-json\/wp\/v2\/posts\/7395","targetHints":{"allow":["GET"]}}],"collection":[{"href":"https:\/\/ibiti.com\/en\/wp-json\/wp\/v2\/posts"}],"about":[{"href":"https:\/\/ibiti.com\/en\/wp-json\/wp\/v2\/types\/post"}],"author":[{"embeddable":true,"href":"https:\/\/ibiti.com\/en\/wp-json\/wp\/v2\/users\/7"}],"replies":[{"embeddable":true,"href":"https:\/\/ibiti.com\/en\/wp-json\/wp\/v2\/comments?post=7395"}],"version-history":[{"count":1,"href":"https:\/\/ibiti.com\/en\/wp-json\/wp\/v2\/posts\/7395\/revisions"}],"predecessor-version":[{"id":8518,"href":"https:\/\/ibiti.com\/en\/wp-json\/wp\/v2\/posts\/7395\/revisions\/8518"}],"wp:featuredmedia":[{"embeddable":true,"href":"https:\/\/ibiti.com\/en\/wp-json\/wp\/v2\/media\/7486"}],"wp:attachment":[{"href":"https:\/\/ibiti.com\/en\/wp-json\/wp\/v2\/media?parent=7395"}],"wp:term":[{"taxonomy":"category","embeddable":true,"href":"https:\/\/ibiti.com\/en\/wp-json\/wp\/v2\/categories?post=7395"},{"taxonomy":"post_tag","embeddable":true,"href":"https:\/\/ibiti.com\/en\/wp-json\/wp\/v2\/tags?post=7395"}],"curies":[{"name":"wp","href":"https:\/\/api.w.org\/{rel}","templated":true}]}}