{"id":6362,"date":"2025-07-11T13:04:24","date_gmt":"2025-07-11T16:04:24","guid":{"rendered":"https:\/\/ibiti.com\/?p=6362"},"modified":"2026-03-04T22:22:58","modified_gmt":"2026-03-05T01:22:58","slug":"the-flower-that-gave-rise-to-the-ibiti-logo","status":"publish","type":"post","link":"https:\/\/ibiti.com\/en\/the-flower-that-gave-rise-to-the-ibiti-logo\/","title":{"rendered":"The flower that gave rise to the Ibiti logo"},"content":{"rendered":"<p>It's simple, delicate and unmistakable. A curved line, an organic movement, a light line that carries within it all the power of nature and regeneration. This is the Ibiti logo: a design that many people carry on their chests (literally), without always knowing its history.<\/p>\n\n\n\n<p>The symbol representing Ibiti was born from the idea of capturing, in a single image, everything that flourishes here: the wild beauty, the simplicity of life in the countryside, the exuberance of the Atlantic Forest, the attention to detail. And it was a flower \u2013 a native bromeliad, present in the region \u2013 that inspired it all.<\/p>\n\n\n\n<p>A <strong>Billbergia distachia<\/strong>found in the walls and interior of the forest, was the muse of the artist from Minas Gerais <strong>Cacaio Souza<\/strong>. At the invitation of the project's founder, <strong>Renato Machado<\/strong>He walked up and down the trails of Pedra do Gavi\u00e3o, camera in hand, recording the shapes, colors and textures of the bromeliads of Ibitipoca. After many photos, studies and experiments, he arrived at the essential line.<\/p>\n\n\n\n<p>\"I developed several sketches and paintings until I arrived at the simplest, most elegant and easily recognizable form,\" says Cacaio.&nbsp;<\/p>\n\n\n\n<p>The choice couldn't be more symbolic. Bromeliads are resilient plants that grow in unlikely places, shelter small ecosystems and are part of the cycle of life in tropical forests. Turning it into the project's emblem is a way of paying homage to the local flora and reminding us that, around here, everything starts with nature.<\/p>\n\n\n\n<figure class=\"wp-block-gallery has-nested-images columns-default is-cropped wp-block-gallery-1 is-layout-flex wp-block-gallery-is-layout-flex\">\n<figure class=\"wp-block-image size-large\"><img fetchpriority=\"high\" decoding=\"async\" width=\"768\" height=\"1024\" data-id=\"6366\" src=\"https:\/\/ibiti.com\/wp-content\/uploads\/2025\/07\/flor-3-768x1024.webp\" alt=\"\" class=\"wp-image-6366\" srcset=\"https:\/\/ibiti.com\/wp-content\/uploads\/2025\/07\/flor-3-768x1024.webp 768w, https:\/\/ibiti.com\/wp-content\/uploads\/2025\/07\/flor-3-225x300.webp 225w, https:\/\/ibiti.com\/wp-content\/uploads\/2025\/07\/flor-3-1152x1536.webp 1152w, https:\/\/ibiti.com\/wp-content\/uploads\/2025\/07\/flor-3-9x12.webp 9w, https:\/\/ibiti.com\/wp-content\/uploads\/2025\/07\/flor-3.webp 1200w\" sizes=\"(max-width: 768px) 100vw, 768px\" \/><\/figure>\n\n\n\n<figure class=\"wp-block-image size-large\"><img decoding=\"async\" width=\"768\" height=\"1024\" data-id=\"6368\" src=\"https:\/\/ibiti.com\/wp-content\/uploads\/2025\/07\/flor-5-768x1024.jpg\" alt=\"\" class=\"wp-image-6368\" srcset=\"https:\/\/ibiti.com\/wp-content\/uploads\/2025\/07\/flor-5-768x1024.jpg 768w, https:\/\/ibiti.com\/wp-content\/uploads\/2025\/07\/flor-5-225x300.jpg 225w, https:\/\/ibiti.com\/wp-content\/uploads\/2025\/07\/flor-5-1152x1536.jpg 1152w, https:\/\/ibiti.com\/wp-content\/uploads\/2025\/07\/flor-5-9x12.jpg 9w, https:\/\/ibiti.com\/wp-content\/uploads\/2025\/07\/flor-5.jpg 1200w\" sizes=\"(max-width: 768px) 100vw, 768px\" \/><\/figure>\n\n\n\n<figure class=\"wp-block-image size-large\"><img decoding=\"async\" width=\"768\" height=\"1024\" data-id=\"6367\" src=\"https:\/\/ibiti.com\/wp-content\/uploads\/2025\/07\/flor-4-768x1024.webp\" alt=\"\" class=\"wp-image-6367\" srcset=\"https:\/\/ibiti.com\/wp-content\/uploads\/2025\/07\/flor-4-768x1024.webp 768w, https:\/\/ibiti.com\/wp-content\/uploads\/2025\/07\/flor-4-225x300.webp 225w, https:\/\/ibiti.com\/wp-content\/uploads\/2025\/07\/flor-4-9x12.webp 9w, https:\/\/ibiti.com\/wp-content\/uploads\/2025\/07\/flor-4.webp 960w\" sizes=\"(max-width: 768px) 100vw, 768px\" \/><\/figure>\n<\/figure>\n\n\n\n<h3 class=\"wp-block-heading\"><strong>Ibiti logo tattooed on skin, engraved in history<\/strong><\/h3>\n\n\n\n<figure class=\"wp-block-image alignleft size-large is-resized\"><img loading=\"lazy\" decoding=\"async\" width=\"768\" height=\"1024\" src=\"https:\/\/ibiti.com\/wp-content\/uploads\/2025\/07\/luan-768x1024.webp\" alt=\"\" class=\"wp-image-6374\" style=\"width:251px;height:auto\" srcset=\"https:\/\/ibiti.com\/wp-content\/uploads\/2025\/07\/luan-768x1024.webp 768w, https:\/\/ibiti.com\/wp-content\/uploads\/2025\/07\/luan-225x300.webp 225w, https:\/\/ibiti.com\/wp-content\/uploads\/2025\/07\/luan-1152x1536.webp 1152w, https:\/\/ibiti.com\/wp-content\/uploads\/2025\/07\/luan-9x12.webp 9w, https:\/\/ibiti.com\/wp-content\/uploads\/2025\/07\/luan.webp 1200w\" sizes=\"(max-width: 768px) 100vw, 768px\" \/><figcaption class=\"wp-element-caption\">Luan Oliveira, operations coordinator at Ibiti Village, tattooed the logo on his hand.<\/figcaption><\/figure>\n\n\n\n<p>Over time, the logo took on an even more affective meaning. It even became a tattoo! Many Ibiti employees have chosen to mark their skin with the flower symbol - as a living reminder of their connection to this place.&nbsp;<\/p>\n\n\n\n<p>Want to see the flower that inspired the logo up close? Go to <strong>Caf\u00e9 Gaia<\/strong>In Vila Mogol, there is a vase with a live specimen of the <strong>Billbergia distachia<\/strong>It comes with a label with its scientific name.&nbsp;<\/p>\n\n\n\n<p>The agronomist from Ibiti, <strong>Janice Ventorim<\/strong>She explains that the logo design represents the flower still in a closed bud, before it fully opens. \"It represents the natural cycle of regeneration, which begins discreetly but is full of life,\" she says.<\/p>","protected":false},"excerpt":{"rendered":"<p>\u00c9 simples, delicada e inconfund\u00edvel. Uma linha curva, um movimento org\u00e2nico, um tra\u00e7o leve que carrega em si toda a for\u00e7a da natureza e da regenera\u00e7\u00e3o. Essa \u00e9 a logo do Ibiti: um desenho que muita gente carrega no peito (literalmente), sem nem sempre saber sua hist\u00f3ria. O s\u00edmbolo que representa o Ibiti nasceu da [&hellip;]<\/p>\n","protected":false},"author":7,"featured_media":6365,"comment_status":"closed","ping_status":"open","sticky":false,"template":"","format":"standard","meta":{"_jetpack_memberships_contains_paid_content":false,"footnotes":""},"categories":[13],"tags":[234,232,231,233],"class_list":["post-6362","post","type-post","status-publish","format-standard","has-post-thumbnail","hentry","category-ibiti-news","tag-billbergia-distachia","tag-flora-de-ibitipoca","tag-logo-do-ibiti","tag-origem-da-marca-ibiti"],"yoast_head":"<!-- This site is optimized with the Yoast SEO plugin v27.5 - https:\/\/yoast.com\/product\/yoast-seo-wordpress\/ -->\n<title>A flor que deu origem \u00e0 logo do Ibiti - IBITI<\/title>\n<meta name=\"description\" content=\"Descubra a origem da logo do Ibiti: uma brom\u00e9lia nativa transformada em arte, s\u00edmbolo de regenera\u00e7\u00e3o e conex\u00e3o com a naturez\" \/>\n<meta name=\"robots\" content=\"index, follow, max-snippet:-1, max-image-preview:large, max-video-preview:-1\" \/>\n<link rel=\"canonical\" href=\"https:\/\/ibiti.com\/en\/the-flower-that-gave-rise-to-the-ibiti-logo\/\" \/>\n<meta property=\"og:locale\" content=\"en_US\" \/>\n<meta property=\"og:type\" content=\"article\" \/>\n<meta property=\"og:title\" content=\"A flor que deu origem \u00e0 logo do Ibiti - IBITI\" \/>\n<meta property=\"og:description\" content=\"Descubra a origem da logo do Ibiti: uma brom\u00e9lia nativa transformada em arte, s\u00edmbolo de regenera\u00e7\u00e3o e conex\u00e3o com a naturez\" \/>\n<meta property=\"og:url\" content=\"https:\/\/ibiti.com\/en\/the-flower-that-gave-rise-to-the-ibiti-logo\/\" \/>\n<meta property=\"og:site_name\" content=\"IBITI\" \/>\n<meta property=\"article:published_time\" content=\"2025-07-11T16:04:24+00:00\" \/>\n<meta property=\"article:modified_time\" content=\"2026-03-05T01:22:58+00:00\" \/>\n<meta property=\"og:image\" content=\"https:\/\/ibiti.com\/wp-content\/uploads\/2025\/07\/flor.webp\" \/>\n\t<meta property=\"og:image:width\" content=\"1200\" \/>\n\t<meta property=\"og:image:height\" content=\"1110\" \/>\n\t<meta property=\"og:image:type\" content=\"image\/webp\" \/>\n<meta name=\"author\" content=\"Isabel Pequeno\" \/>\n<meta name=\"twitter:card\" content=\"summary_large_image\" \/>\n<meta name=\"twitter:label1\" content=\"Written by\" \/>\n\t<meta name=\"twitter:data1\" content=\"Isabel Pequeno\" \/>\n\t<meta name=\"twitter:label2\" content=\"Est. reading time\" \/>\n\t<meta name=\"twitter:data2\" content=\"4 minutes\" \/>\n<script type=\"application\/ld+json\" class=\"yoast-schema-graph\">{\"@context\":\"https:\\\/\\\/schema.org\",\"@graph\":[{\"@type\":\"Article\",\"@id\":\"https:\\\/\\\/ibiti.com\\\/a-flor-que-deu-origem-a-logo-do-ibiti\\\/#article\",\"isPartOf\":{\"@id\":\"https:\\\/\\\/ibiti.com\\\/a-flor-que-deu-origem-a-logo-do-ibiti\\\/\"},\"author\":{\"name\":\"Isabel Pequeno\",\"@id\":\"https:\\\/\\\/ibiti.com\\\/#\\\/schema\\\/person\\\/a1c7394a4e912f501f91fc1c90c6d295\"},\"headline\":\"A flor que deu origem \u00e0 logo do Ibiti\",\"datePublished\":\"2025-07-11T16:04:24+00:00\",\"dateModified\":\"2026-03-05T01:22:58+00:00\",\"mainEntityOfPage\":{\"@id\":\"https:\\\/\\\/ibiti.com\\\/a-flor-que-deu-origem-a-logo-do-ibiti\\\/\"},\"wordCount\":419,\"publisher\":{\"@id\":\"https:\\\/\\\/ibiti.com\\\/#organization\"},\"image\":{\"@id\":\"https:\\\/\\\/ibiti.com\\\/a-flor-que-deu-origem-a-logo-do-ibiti\\\/#primaryimage\"},\"thumbnailUrl\":\"https:\\\/\\\/ibiti.com\\\/wp-content\\\/uploads\\\/2025\\\/07\\\/flor.webp\",\"keywords\":[\"Billbergia distachia\",\"flora de Ibitipoca\",\"logo do Ibiti\",\"origem da marca Ibiti\"],\"articleSection\":[\"Ibiti News\"],\"inLanguage\":\"en-US\"},{\"@type\":\"WebPage\",\"@id\":\"https:\\\/\\\/ibiti.com\\\/a-flor-que-deu-origem-a-logo-do-ibiti\\\/\",\"url\":\"https:\\\/\\\/ibiti.com\\\/a-flor-que-deu-origem-a-logo-do-ibiti\\\/\",\"name\":\"A flor que deu origem \u00e0 logo do Ibiti - IBITI\",\"isPartOf\":{\"@id\":\"https:\\\/\\\/ibiti.com\\\/#website\"},\"primaryImageOfPage\":{\"@id\":\"https:\\\/\\\/ibiti.com\\\/a-flor-que-deu-origem-a-logo-do-ibiti\\\/#primaryimage\"},\"image\":{\"@id\":\"https:\\\/\\\/ibiti.com\\\/a-flor-que-deu-origem-a-logo-do-ibiti\\\/#primaryimage\"},\"thumbnailUrl\":\"https:\\\/\\\/ibiti.com\\\/wp-content\\\/uploads\\\/2025\\\/07\\\/flor.webp\",\"datePublished\":\"2025-07-11T16:04:24+00:00\",\"dateModified\":\"2026-03-05T01:22:58+00:00\",\"description\":\"Descubra a origem da logo do Ibiti: uma brom\u00e9lia nativa transformada em arte, s\u00edmbolo de regenera\u00e7\u00e3o e conex\u00e3o com a naturez\",\"inLanguage\":\"en-US\",\"potentialAction\":[{\"@type\":\"ReadAction\",\"target\":[\"https:\\\/\\\/ibiti.com\\\/a-flor-que-deu-origem-a-logo-do-ibiti\\\/\"]}]},{\"@type\":\"ImageObject\",\"inLanguage\":\"en-US\",\"@id\":\"https:\\\/\\\/ibiti.com\\\/a-flor-que-deu-origem-a-logo-do-ibiti\\\/#primaryimage\",\"url\":\"https:\\\/\\\/ibiti.com\\\/wp-content\\\/uploads\\\/2025\\\/07\\\/flor.webp\",\"contentUrl\":\"https:\\\/\\\/ibiti.com\\\/wp-content\\\/uploads\\\/2025\\\/07\\\/flor.webp\",\"width\":1200,\"height\":1110},{\"@type\":\"WebSite\",\"@id\":\"https:\\\/\\\/ibiti.com\\\/#website\",\"url\":\"https:\\\/\\\/ibiti.com\\\/\",\"name\":\"IBITI\",\"description\":\"Somos um projeto socioambiental experimental focado no homem e sua casa, o planeta.  Somos um novo mundo nas montanhas de Minas.  Acreditamos na harmonia entre o ser humano e a natureza.\",\"publisher\":{\"@id\":\"https:\\\/\\\/ibiti.com\\\/#organization\"},\"potentialAction\":[{\"@type\":\"SearchAction\",\"target\":{\"@type\":\"EntryPoint\",\"urlTemplate\":\"https:\\\/\\\/ibiti.com\\\/?s={search_term_string}\"},\"query-input\":{\"@type\":\"PropertyValueSpecification\",\"valueRequired\":true,\"valueName\":\"search_term_string\"}}],\"inLanguage\":\"en-US\"},{\"@type\":\"Organization\",\"@id\":\"https:\\\/\\\/ibiti.com\\\/#organization\",\"name\":\"IBITI\",\"url\":\"https:\\\/\\\/ibiti.com\\\/\",\"logo\":{\"@type\":\"ImageObject\",\"inLanguage\":\"en-US\",\"@id\":\"https:\\\/\\\/ibiti.com\\\/#\\\/schema\\\/logo\\\/image\\\/\",\"url\":\"https:\\\/\\\/ibiti.com\\\/wp-content\\\/uploads\\\/2024\\\/10\\\/ibiti-logo-default.svg\",\"contentUrl\":\"https:\\\/\\\/ibiti.com\\\/wp-content\\\/uploads\\\/2024\\\/10\\\/ibiti-logo-default.svg\",\"width\":80,\"height\":54,\"caption\":\"IBITI\"},\"image\":{\"@id\":\"https:\\\/\\\/ibiti.com\\\/#\\\/schema\\\/logo\\\/image\\\/\"}},{\"@type\":\"Person\",\"@id\":\"https:\\\/\\\/ibiti.com\\\/#\\\/schema\\\/person\\\/a1c7394a4e912f501f91fc1c90c6d295\",\"name\":\"Isabel Pequeno\",\"image\":{\"@type\":\"ImageObject\",\"inLanguage\":\"en-US\",\"@id\":\"https:\\\/\\\/secure.gravatar.com\\\/avatar\\\/4ba47a46d9b3622ee84694330b6a9feb1941c6e435bb4964f12478eae187f5ea?s=96&d=mm&r=g\",\"url\":\"https:\\\/\\\/secure.gravatar.com\\\/avatar\\\/4ba47a46d9b3622ee84694330b6a9feb1941c6e435bb4964f12478eae187f5ea?s=96&d=mm&r=g\",\"contentUrl\":\"https:\\\/\\\/secure.gravatar.com\\\/avatar\\\/4ba47a46d9b3622ee84694330b6a9feb1941c6e435bb4964f12478eae187f5ea?s=96&d=mm&r=g\",\"caption\":\"Isabel Pequeno\"},\"url\":\"https:\\\/\\\/ibiti.com\\\/en\\\/author\\\/isabel\\\/\"}]}<\/script>\n<!-- \/ Yoast SEO plugin. -->","yoast_head_json":{"title":"The flower that gave rise to the Ibiti logo - IBITI","description":"Discover the origin of the Ibiti logo: a native bromeliad transformed into art, a symbol of regeneration and connection with nature.","robots":{"index":"index","follow":"follow","max-snippet":"max-snippet:-1","max-image-preview":"max-image-preview:large","max-video-preview":"max-video-preview:-1"},"canonical":"https:\/\/ibiti.com\/en\/the-flower-that-gave-rise-to-the-ibiti-logo\/","og_locale":"en_US","og_type":"article","og_title":"A flor que deu origem \u00e0 logo do Ibiti - IBITI","og_description":"Descubra a origem da logo do Ibiti: uma brom\u00e9lia nativa transformada em arte, s\u00edmbolo de regenera\u00e7\u00e3o e conex\u00e3o com a naturez","og_url":"https:\/\/ibiti.com\/en\/the-flower-that-gave-rise-to-the-ibiti-logo\/","og_site_name":"IBITI","article_published_time":"2025-07-11T16:04:24+00:00","article_modified_time":"2026-03-05T01:22:58+00:00","og_image":[{"width":1200,"height":1110,"url":"https:\/\/ibiti.com\/wp-content\/uploads\/2025\/07\/flor.webp","type":"image\/webp"}],"author":"Isabel Pequeno","twitter_card":"summary_large_image","twitter_misc":{"Written by":"Isabel Pequeno","Est. reading time":"4 minutes"},"schema":{"@context":"https:\/\/schema.org","@graph":[{"@type":"Article","@id":"https:\/\/ibiti.com\/a-flor-que-deu-origem-a-logo-do-ibiti\/#article","isPartOf":{"@id":"https:\/\/ibiti.com\/a-flor-que-deu-origem-a-logo-do-ibiti\/"},"author":{"name":"Isabel Pequeno","@id":"https:\/\/ibiti.com\/#\/schema\/person\/a1c7394a4e912f501f91fc1c90c6d295"},"headline":"A flor que deu origem \u00e0 logo do Ibiti","datePublished":"2025-07-11T16:04:24+00:00","dateModified":"2026-03-05T01:22:58+00:00","mainEntityOfPage":{"@id":"https:\/\/ibiti.com\/a-flor-que-deu-origem-a-logo-do-ibiti\/"},"wordCount":419,"publisher":{"@id":"https:\/\/ibiti.com\/#organization"},"image":{"@id":"https:\/\/ibiti.com\/a-flor-que-deu-origem-a-logo-do-ibiti\/#primaryimage"},"thumbnailUrl":"https:\/\/ibiti.com\/wp-content\/uploads\/2025\/07\/flor.webp","keywords":["Billbergia distachia","flora de Ibitipoca","logo do Ibiti","origem da marca Ibiti"],"articleSection":["Ibiti News"],"inLanguage":"en-US"},{"@type":"WebPage","@id":"https:\/\/ibiti.com\/a-flor-que-deu-origem-a-logo-do-ibiti\/","url":"https:\/\/ibiti.com\/a-flor-que-deu-origem-a-logo-do-ibiti\/","name":"The flower that gave rise to the Ibiti logo - IBITI","isPartOf":{"@id":"https:\/\/ibiti.com\/#website"},"primaryImageOfPage":{"@id":"https:\/\/ibiti.com\/a-flor-que-deu-origem-a-logo-do-ibiti\/#primaryimage"},"image":{"@id":"https:\/\/ibiti.com\/a-flor-que-deu-origem-a-logo-do-ibiti\/#primaryimage"},"thumbnailUrl":"https:\/\/ibiti.com\/wp-content\/uploads\/2025\/07\/flor.webp","datePublished":"2025-07-11T16:04:24+00:00","dateModified":"2026-03-05T01:22:58+00:00","description":"Discover the origin of the Ibiti logo: a native bromeliad transformed into art, a symbol of regeneration and connection with nature.","inLanguage":"en-US","potentialAction":[{"@type":"ReadAction","target":["https:\/\/ibiti.com\/a-flor-que-deu-origem-a-logo-do-ibiti\/"]}]},{"@type":"ImageObject","inLanguage":"en-US","@id":"https:\/\/ibiti.com\/a-flor-que-deu-origem-a-logo-do-ibiti\/#primaryimage","url":"https:\/\/ibiti.com\/wp-content\/uploads\/2025\/07\/flor.webp","contentUrl":"https:\/\/ibiti.com\/wp-content\/uploads\/2025\/07\/flor.webp","width":1200,"height":1110},{"@type":"WebSite","@id":"https:\/\/ibiti.com\/#website","url":"https:\/\/ibiti.com\/","name":"IBITI","description":"We are an experimental socio-environmental project focused on man and his home, the planet.  We are a new world in the mountains of Minas Gerais.  We believe in harmony between human beings and nature.","publisher":{"@id":"https:\/\/ibiti.com\/#organization"},"potentialAction":[{"@type":"SearchAction","target":{"@type":"EntryPoint","urlTemplate":"https:\/\/ibiti.com\/?s={search_term_string}"},"query-input":{"@type":"PropertyValueSpecification","valueRequired":true,"valueName":"search_term_string"}}],"inLanguage":"en-US"},{"@type":"Organization","@id":"https:\/\/ibiti.com\/#organization","name":"IBITI","url":"https:\/\/ibiti.com\/","logo":{"@type":"ImageObject","inLanguage":"en-US","@id":"https:\/\/ibiti.com\/#\/schema\/logo\/image\/","url":"https:\/\/ibiti.com\/wp-content\/uploads\/2024\/10\/ibiti-logo-default.svg","contentUrl":"https:\/\/ibiti.com\/wp-content\/uploads\/2024\/10\/ibiti-logo-default.svg","width":80,"height":54,"caption":"IBITI"},"image":{"@id":"https:\/\/ibiti.com\/#\/schema\/logo\/image\/"}},{"@type":"Person","@id":"https:\/\/ibiti.com\/#\/schema\/person\/a1c7394a4e912f501f91fc1c90c6d295","name":"Isabel Pequeno","image":{"@type":"ImageObject","inLanguage":"en-US","@id":"https:\/\/secure.gravatar.com\/avatar\/4ba47a46d9b3622ee84694330b6a9feb1941c6e435bb4964f12478eae187f5ea?s=96&d=mm&r=g","url":"https:\/\/secure.gravatar.com\/avatar\/4ba47a46d9b3622ee84694330b6a9feb1941c6e435bb4964f12478eae187f5ea?s=96&d=mm&r=g","contentUrl":"https:\/\/secure.gravatar.com\/avatar\/4ba47a46d9b3622ee84694330b6a9feb1941c6e435bb4964f12478eae187f5ea?s=96&d=mm&r=g","caption":"Isabel Pequeno"},"url":"https:\/\/ibiti.com\/en\/author\/isabel\/"}]}},"jetpack_featured_media_url":"https:\/\/ibiti.com\/wp-content\/uploads\/2025\/07\/flor.webp","jetpack_sharing_enabled":true,"_links":{"self":[{"href":"https:\/\/ibiti.com\/en\/wp-json\/wp\/v2\/posts\/6362","targetHints":{"allow":["GET"]}}],"collection":[{"href":"https:\/\/ibiti.com\/en\/wp-json\/wp\/v2\/posts"}],"about":[{"href":"https:\/\/ibiti.com\/en\/wp-json\/wp\/v2\/types\/post"}],"author":[{"embeddable":true,"href":"https:\/\/ibiti.com\/en\/wp-json\/wp\/v2\/users\/7"}],"replies":[{"embeddable":true,"href":"https:\/\/ibiti.com\/en\/wp-json\/wp\/v2\/comments?post=6362"}],"version-history":[{"count":1,"href":"https:\/\/ibiti.com\/en\/wp-json\/wp\/v2\/posts\/6362\/revisions"}],"predecessor-version":[{"id":8474,"href":"https:\/\/ibiti.com\/en\/wp-json\/wp\/v2\/posts\/6362\/revisions\/8474"}],"wp:featuredmedia":[{"embeddable":true,"href":"https:\/\/ibiti.com\/en\/wp-json\/wp\/v2\/media\/6365"}],"wp:attachment":[{"href":"https:\/\/ibiti.com\/en\/wp-json\/wp\/v2\/media?parent=6362"}],"wp:term":[{"taxonomy":"category","embeddable":true,"href":"https:\/\/ibiti.com\/en\/wp-json\/wp\/v2\/categories?post=6362"},{"taxonomy":"post_tag","embeddable":true,"href":"https:\/\/ibiti.com\/en\/wp-json\/wp\/v2\/tags?post=6362"}],"curies":[{"name":"wp","href":"https:\/\/api.w.org\/{rel}","templated":true}]}}