{"id":6056,"date":"2025-06-05T21:53:43","date_gmt":"2025-06-06T00:53:43","guid":{"rendered":"https:\/\/ibiti.com\/?p=6056"},"modified":"2025-06-06T09:01:58","modified_gmt":"2025-06-06T12:01:58","slug":"ibiti-in-forbes-as-an-exclusive-sustainable-destination","status":"publish","type":"post","link":"https:\/\/ibiti.com\/en\/ibiti-in-forbes-as-an-exclusive-sustainable-destination\/","title":{"rendered":"Ibiti in Forbes as a destination of \"sustainable exclusivity\""},"content":{"rendered":"<p><\/p>\n\n\n\n<p>Ibiti was included by the magazine <em>Forbes Brazil<\/em> as one of six tips for sustainable and exclusive destinations on the planet. The special report by journalist Mari Campos, published in the June 2025 issue, recognizes hotel developments in different parts of the world that combine environmental preservation, real regeneration of ecosystems and transformative experiences.<\/p>\n\n\n\n<p>Alongside names such as Kisawa Sanctuary (Mozambique), Wilderness Jao (Botswana), Six Senses (Bhutan), Silver Origin (Galapagos) and The Brando (French Polynesia), Ibiti is the representative in Latin America of this new way of living and traveling, where nature is the protagonist and comfort goes hand in hand with environmental awareness.<\/p>\n\n\n\n<p>Ibiti is praised for its pioneering approach to rewilding, its integration with the local community and for offering profound hospitality, connected to nature and art.<\/p>\n\n\n\n<h3 class=\"wp-block-heading\"><strong>A dream that has become a global reference<\/strong><\/h3>\n\n\n\n<p>A <em>Forbes<\/em> presents the origins of the project as the fruit of an individual dream by businessman Renato Machado, who, enchanted by the mountainous and verdant region, began to acquire land to preserve it. Decades later, this initial gesture has unfolded into a real regeneration model: there are more than 6,000 hectares in an active conservation process, with four hospitality businesses, organic production and a school with innovative methodology.<\/p>\n\n\n\n<p>\"Everything is sustainable, from electric cars to organic farming supplying the restaurants, from smart energy consumption to water reuse, from waste recycling and composting to local labor,\" the article highlights.<\/p>\n\n\n\n<h3 class=\"wp-block-heading\"><strong>Where art and nature merge<\/strong><\/h3>\n\n\n\n<p>The article also mentions the monumental sculptures My Big Family, by Karen Cusolito, in front of the Pedra do Tatu view, as a symbol of the fusion between art and the natural landscape.<\/p>\n\n\n\n<p>The experiences offered to guests - who can stay at Ibiti Engenho Lodge, Ibiti Village, the isolated houses of Ibiti Remote or the innovative Casa Einstein (Glass House) - are presented as part of immersive tourism. Guided walks, hikes, waterfall baths and garden-to-table cuisine are included in the program.<\/p>\n\n\n\n<h3 class=\"wp-block-heading\"><strong>Brazilian pride among international giants<\/strong><\/h3>\n\n\n\n<p>Being alongside projects such as The Brando and Six Senses reinforces the conviction that we are treading a necessary and inspiring path. This recognition also belongs to our guests, employees, partners and friends: everyone who builds and strengthens Ibiti every day.<\/p>\n\n\n\n<div data-wp-interactive=\"core\/file\" class=\"wp-block-file\"><object data-wp-bind--hidden=\"!state.hasPdfPreview\" hidden class=\"wp-block-file__embed\" data=\"https:\/\/ibiti.com\/wp-content\/uploads\/2025\/06\/FORBES_130_DESTINOS-SUSTENTAVEIS-1-1.pdf\" type=\"application\/pdf\" style=\"width:100%;height:600px\" aria-label=\"Embed of FORBES_130_DESTINOS-SUSTENTAVEIS-1.\"><\/object><a id=\"wp-block-file--media-de0e9983-eb78-4170-a16f-320e6053949a\" href=\"https:\/\/ibiti.com\/wp-content\/uploads\/2025\/06\/FORBES_130_DESTINOS-SUSTENTAVEIS-1-1.pdf\">FORBES_130_SUSTAINABLE-DESTINATIONS-1<\/a><a href=\"https:\/\/ibiti.com\/wp-content\/uploads\/2025\/06\/FORBES_130_DESTINOS-SUSTENTAVEIS-1-1.pdf\" class=\"wp-block-file__button wp-element-button\" download aria-describedby=\"wp-block-file--media-de0e9983-eb78-4170-a16f-320e6053949a\">Download<\/a><\/div>\n\n\n\n<p><strong>Read the full story<\/strong><\/p>\n\n\n\n<p><strong>Learn more<\/strong><\/p>\n\n\n\n<p><a href=\"https:\/\/ibiti.com\/\">Ibiti.com<\/a><\/p>","protected":false},"excerpt":{"rendered":"<p>Ibiti has been included by Forbes Brazil magazine as one of the top six sustainable and exclusive destinations on the planet.<\/p>","protected":false},"author":7,"featured_media":6070,"comment_status":"closed","ping_status":"open","sticky":false,"template":"","format":"standard","meta":{"_jetpack_memberships_contains_paid_content":false,"footnotes":""},"categories":[1],"tags":[218,217,219,216,154,119],"class_list":["post-6056","post","type-post","status-publish","format-standard","has-post-thumbnail","hentry","category-na-midia","tag-destinos-ecologicos-exclusivos","tag-forbes-brasil","tag-hoteis-sustentaveis-do-mundo","tag-hotel-sustentavel-brasil","tag-ibiti","tag-ibiti-projeto"],"yoast_head":"<!-- This site is optimized with the Yoast SEO plugin v27.5 - https:\/\/yoast.com\/product\/yoast-seo-wordpress\/ -->\n<title>Ibiti na Forbes como destino de \u201cExclusividade sustent\u00e1vel\u201d - IBITI<\/title>\n<meta name=\"description\" content=\"Ibiti \u00e9 um dos seis hot\u00e9is sustent\u00e1veis e exclusivos no mundo destacados pela Forbes. Um orgulho mineiro com impacto global.\" \/>\n<meta name=\"robots\" content=\"index, follow, max-snippet:-1, max-image-preview:large, max-video-preview:-1\" \/>\n<link rel=\"canonical\" href=\"https:\/\/ibiti.com\/en\/ibiti-in-forbes-as-an-exclusive-sustainable-destination\/\" \/>\n<meta property=\"og:locale\" content=\"en_US\" \/>\n<meta property=\"og:type\" content=\"article\" \/>\n<meta property=\"og:title\" content=\"Ibiti na Forbes como destino de \u201cExclusividade sustent\u00e1vel\u201d - IBITI\" \/>\n<meta property=\"og:description\" content=\"Ibiti \u00e9 um dos seis hot\u00e9is sustent\u00e1veis e exclusivos no mundo destacados pela Forbes. Um orgulho mineiro com impacto global.\" \/>\n<meta property=\"og:url\" content=\"https:\/\/ibiti.com\/en\/ibiti-in-forbes-as-an-exclusive-sustainable-destination\/\" \/>\n<meta property=\"og:site_name\" content=\"IBITI\" \/>\n<meta property=\"article:published_time\" content=\"2025-06-06T00:53:43+00:00\" \/>\n<meta property=\"article:modified_time\" content=\"2025-06-06T12:01:58+00:00\" \/>\n<meta property=\"og:image\" content=\"https:\/\/ibiti.com\/wp-content\/uploads\/2025\/06\/Ibiti-na-Forbes-junho-2025.webp\" \/>\n\t<meta property=\"og:image:width\" content=\"1200\" \/>\n\t<meta property=\"og:image:height\" content=\"823\" \/>\n\t<meta property=\"og:image:type\" content=\"image\/webp\" \/>\n<meta name=\"author\" content=\"Isabel Pequeno\" \/>\n<meta name=\"twitter:card\" content=\"summary_large_image\" \/>\n<meta name=\"twitter:label1\" content=\"Written by\" \/>\n\t<meta name=\"twitter:data1\" content=\"Isabel Pequeno\" \/>\n\t<meta name=\"twitter:label2\" content=\"Est. reading time\" \/>\n\t<meta name=\"twitter:data2\" content=\"3 minutes\" \/>\n<script type=\"application\/ld+json\" class=\"yoast-schema-graph\">{\"@context\":\"https:\\\/\\\/schema.org\",\"@graph\":[{\"@type\":\"Article\",\"@id\":\"https:\\\/\\\/ibiti.com\\\/ibiti-na-forbes-como-destino-de-exclusividade-sustentavel\\\/#article\",\"isPartOf\":{\"@id\":\"https:\\\/\\\/ibiti.com\\\/ibiti-na-forbes-como-destino-de-exclusividade-sustentavel\\\/\"},\"author\":{\"name\":\"Isabel Pequeno\",\"@id\":\"https:\\\/\\\/ibiti.com\\\/#\\\/schema\\\/person\\\/a1c7394a4e912f501f91fc1c90c6d295\"},\"headline\":\"Ibiti na Forbes como destino de \u201cExclusividade sustent\u00e1vel\u201d\",\"datePublished\":\"2025-06-06T00:53:43+00:00\",\"dateModified\":\"2025-06-06T12:01:58+00:00\",\"mainEntityOfPage\":{\"@id\":\"https:\\\/\\\/ibiti.com\\\/ibiti-na-forbes-como-destino-de-exclusividade-sustentavel\\\/\"},\"wordCount\":427,\"publisher\":{\"@id\":\"https:\\\/\\\/ibiti.com\\\/#organization\"},\"image\":{\"@id\":\"https:\\\/\\\/ibiti.com\\\/ibiti-na-forbes-como-destino-de-exclusividade-sustentavel\\\/#primaryimage\"},\"thumbnailUrl\":\"https:\\\/\\\/ibiti.com\\\/wp-content\\\/uploads\\\/2025\\\/06\\\/Ibiti-na-Forbes-junho-2025.webp\",\"keywords\":[\"destinos ecol\u00f3gicos exclusivos\",\"Forbes Brasil\",\"hot\u00e9is sustent\u00e1veis do mundo\",\"hotel sustent\u00e1vel Brasil\",\"ibiti\",\"ibiti projeto\"],\"articleSection\":[\"Na m\u00eddia\"],\"inLanguage\":\"en-US\"},{\"@type\":\"WebPage\",\"@id\":\"https:\\\/\\\/ibiti.com\\\/ibiti-na-forbes-como-destino-de-exclusividade-sustentavel\\\/\",\"url\":\"https:\\\/\\\/ibiti.com\\\/ibiti-na-forbes-como-destino-de-exclusividade-sustentavel\\\/\",\"name\":\"Ibiti na Forbes como destino de \u201cExclusividade sustent\u00e1vel\u201d - IBITI\",\"isPartOf\":{\"@id\":\"https:\\\/\\\/ibiti.com\\\/#website\"},\"primaryImageOfPage\":{\"@id\":\"https:\\\/\\\/ibiti.com\\\/ibiti-na-forbes-como-destino-de-exclusividade-sustentavel\\\/#primaryimage\"},\"image\":{\"@id\":\"https:\\\/\\\/ibiti.com\\\/ibiti-na-forbes-como-destino-de-exclusividade-sustentavel\\\/#primaryimage\"},\"thumbnailUrl\":\"https:\\\/\\\/ibiti.com\\\/wp-content\\\/uploads\\\/2025\\\/06\\\/Ibiti-na-Forbes-junho-2025.webp\",\"datePublished\":\"2025-06-06T00:53:43+00:00\",\"dateModified\":\"2025-06-06T12:01:58+00:00\",\"description\":\"Ibiti \u00e9 um dos seis hot\u00e9is sustent\u00e1veis e exclusivos no mundo destacados pela Forbes. Um orgulho mineiro com impacto global.\",\"inLanguage\":\"en-US\",\"potentialAction\":[{\"@type\":\"ReadAction\",\"target\":[\"https:\\\/\\\/ibiti.com\\\/ibiti-na-forbes-como-destino-de-exclusividade-sustentavel\\\/\"]}]},{\"@type\":\"ImageObject\",\"inLanguage\":\"en-US\",\"@id\":\"https:\\\/\\\/ibiti.com\\\/ibiti-na-forbes-como-destino-de-exclusividade-sustentavel\\\/#primaryimage\",\"url\":\"https:\\\/\\\/ibiti.com\\\/wp-content\\\/uploads\\\/2025\\\/06\\\/Ibiti-na-Forbes-junho-2025.webp\",\"contentUrl\":\"https:\\\/\\\/ibiti.com\\\/wp-content\\\/uploads\\\/2025\\\/06\\\/Ibiti-na-Forbes-junho-2025.webp\",\"width\":1200,\"height\":823},{\"@type\":\"WebSite\",\"@id\":\"https:\\\/\\\/ibiti.com\\\/#website\",\"url\":\"https:\\\/\\\/ibiti.com\\\/\",\"name\":\"IBITI\",\"description\":\"Somos um projeto socioambiental experimental focado no homem e sua casa, o planeta.  Somos um novo mundo nas montanhas de Minas.  Acreditamos na harmonia entre o ser humano e a natureza.\",\"publisher\":{\"@id\":\"https:\\\/\\\/ibiti.com\\\/#organization\"},\"potentialAction\":[{\"@type\":\"SearchAction\",\"target\":{\"@type\":\"EntryPoint\",\"urlTemplate\":\"https:\\\/\\\/ibiti.com\\\/?s={search_term_string}\"},\"query-input\":{\"@type\":\"PropertyValueSpecification\",\"valueRequired\":true,\"valueName\":\"search_term_string\"}}],\"inLanguage\":\"en-US\"},{\"@type\":\"Organization\",\"@id\":\"https:\\\/\\\/ibiti.com\\\/#organization\",\"name\":\"IBITI\",\"url\":\"https:\\\/\\\/ibiti.com\\\/\",\"logo\":{\"@type\":\"ImageObject\",\"inLanguage\":\"en-US\",\"@id\":\"https:\\\/\\\/ibiti.com\\\/#\\\/schema\\\/logo\\\/image\\\/\",\"url\":\"https:\\\/\\\/ibiti.com\\\/wp-content\\\/uploads\\\/2024\\\/10\\\/ibiti-logo-default.svg\",\"contentUrl\":\"https:\\\/\\\/ibiti.com\\\/wp-content\\\/uploads\\\/2024\\\/10\\\/ibiti-logo-default.svg\",\"width\":80,\"height\":54,\"caption\":\"IBITI\"},\"image\":{\"@id\":\"https:\\\/\\\/ibiti.com\\\/#\\\/schema\\\/logo\\\/image\\\/\"}},{\"@type\":\"Person\",\"@id\":\"https:\\\/\\\/ibiti.com\\\/#\\\/schema\\\/person\\\/a1c7394a4e912f501f91fc1c90c6d295\",\"name\":\"Isabel Pequeno\",\"image\":{\"@type\":\"ImageObject\",\"inLanguage\":\"en-US\",\"@id\":\"https:\\\/\\\/secure.gravatar.com\\\/avatar\\\/4ba47a46d9b3622ee84694330b6a9feb1941c6e435bb4964f12478eae187f5ea?s=96&d=mm&r=g\",\"url\":\"https:\\\/\\\/secure.gravatar.com\\\/avatar\\\/4ba47a46d9b3622ee84694330b6a9feb1941c6e435bb4964f12478eae187f5ea?s=96&d=mm&r=g\",\"contentUrl\":\"https:\\\/\\\/secure.gravatar.com\\\/avatar\\\/4ba47a46d9b3622ee84694330b6a9feb1941c6e435bb4964f12478eae187f5ea?s=96&d=mm&r=g\",\"caption\":\"Isabel Pequeno\"},\"url\":\"https:\\\/\\\/ibiti.com\\\/en\\\/author\\\/isabel\\\/\"}]}<\/script>\n<!-- \/ Yoast SEO plugin. -->","yoast_head_json":{"title":"Ibiti in Forbes as a destination of \"sustainable exclusivity\" - IBITI","description":"Ibiti is one of the six sustainable and exclusive hotels in the world highlighted by Forbes. A pride of Minas Gerais with a global impact.","robots":{"index":"index","follow":"follow","max-snippet":"max-snippet:-1","max-image-preview":"max-image-preview:large","max-video-preview":"max-video-preview:-1"},"canonical":"https:\/\/ibiti.com\/en\/ibiti-in-forbes-as-an-exclusive-sustainable-destination\/","og_locale":"en_US","og_type":"article","og_title":"Ibiti na Forbes como destino de \u201cExclusividade sustent\u00e1vel\u201d - IBITI","og_description":"Ibiti \u00e9 um dos seis hot\u00e9is sustent\u00e1veis e exclusivos no mundo destacados pela Forbes. Um orgulho mineiro com impacto global.","og_url":"https:\/\/ibiti.com\/en\/ibiti-in-forbes-as-an-exclusive-sustainable-destination\/","og_site_name":"IBITI","article_published_time":"2025-06-06T00:53:43+00:00","article_modified_time":"2025-06-06T12:01:58+00:00","og_image":[{"width":1200,"height":823,"url":"https:\/\/ibiti.com\/wp-content\/uploads\/2025\/06\/Ibiti-na-Forbes-junho-2025.webp","type":"image\/webp"}],"author":"Isabel Pequeno","twitter_card":"summary_large_image","twitter_misc":{"Written by":"Isabel Pequeno","Est. reading time":"3 minutes"},"schema":{"@context":"https:\/\/schema.org","@graph":[{"@type":"Article","@id":"https:\/\/ibiti.com\/ibiti-na-forbes-como-destino-de-exclusividade-sustentavel\/#article","isPartOf":{"@id":"https:\/\/ibiti.com\/ibiti-na-forbes-como-destino-de-exclusividade-sustentavel\/"},"author":{"name":"Isabel Pequeno","@id":"https:\/\/ibiti.com\/#\/schema\/person\/a1c7394a4e912f501f91fc1c90c6d295"},"headline":"Ibiti na Forbes como destino de \u201cExclusividade sustent\u00e1vel\u201d","datePublished":"2025-06-06T00:53:43+00:00","dateModified":"2025-06-06T12:01:58+00:00","mainEntityOfPage":{"@id":"https:\/\/ibiti.com\/ibiti-na-forbes-como-destino-de-exclusividade-sustentavel\/"},"wordCount":427,"publisher":{"@id":"https:\/\/ibiti.com\/#organization"},"image":{"@id":"https:\/\/ibiti.com\/ibiti-na-forbes-como-destino-de-exclusividade-sustentavel\/#primaryimage"},"thumbnailUrl":"https:\/\/ibiti.com\/wp-content\/uploads\/2025\/06\/Ibiti-na-Forbes-junho-2025.webp","keywords":["destinos ecol\u00f3gicos exclusivos","Forbes Brasil","hot\u00e9is sustent\u00e1veis do mundo","hotel sustent\u00e1vel Brasil","ibiti","ibiti projeto"],"articleSection":["Na m\u00eddia"],"inLanguage":"en-US"},{"@type":"WebPage","@id":"https:\/\/ibiti.com\/ibiti-na-forbes-como-destino-de-exclusividade-sustentavel\/","url":"https:\/\/ibiti.com\/ibiti-na-forbes-como-destino-de-exclusividade-sustentavel\/","name":"Ibiti in Forbes as a destination of \"sustainable exclusivity\" - IBITI","isPartOf":{"@id":"https:\/\/ibiti.com\/#website"},"primaryImageOfPage":{"@id":"https:\/\/ibiti.com\/ibiti-na-forbes-como-destino-de-exclusividade-sustentavel\/#primaryimage"},"image":{"@id":"https:\/\/ibiti.com\/ibiti-na-forbes-como-destino-de-exclusividade-sustentavel\/#primaryimage"},"thumbnailUrl":"https:\/\/ibiti.com\/wp-content\/uploads\/2025\/06\/Ibiti-na-Forbes-junho-2025.webp","datePublished":"2025-06-06T00:53:43+00:00","dateModified":"2025-06-06T12:01:58+00:00","description":"Ibiti is one of the six sustainable and exclusive hotels in the world highlighted by Forbes. A pride of Minas Gerais with a global impact.","inLanguage":"en-US","potentialAction":[{"@type":"ReadAction","target":["https:\/\/ibiti.com\/ibiti-na-forbes-como-destino-de-exclusividade-sustentavel\/"]}]},{"@type":"ImageObject","inLanguage":"en-US","@id":"https:\/\/ibiti.com\/ibiti-na-forbes-como-destino-de-exclusividade-sustentavel\/#primaryimage","url":"https:\/\/ibiti.com\/wp-content\/uploads\/2025\/06\/Ibiti-na-Forbes-junho-2025.webp","contentUrl":"https:\/\/ibiti.com\/wp-content\/uploads\/2025\/06\/Ibiti-na-Forbes-junho-2025.webp","width":1200,"height":823},{"@type":"WebSite","@id":"https:\/\/ibiti.com\/#website","url":"https:\/\/ibiti.com\/","name":"IBITI","description":"We are an experimental socio-environmental project focused on man and his home, the planet.  We are a new world in the mountains of Minas Gerais.  We believe in harmony between human beings and nature.","publisher":{"@id":"https:\/\/ibiti.com\/#organization"},"potentialAction":[{"@type":"SearchAction","target":{"@type":"EntryPoint","urlTemplate":"https:\/\/ibiti.com\/?s={search_term_string}"},"query-input":{"@type":"PropertyValueSpecification","valueRequired":true,"valueName":"search_term_string"}}],"inLanguage":"en-US"},{"@type":"Organization","@id":"https:\/\/ibiti.com\/#organization","name":"IBITI","url":"https:\/\/ibiti.com\/","logo":{"@type":"ImageObject","inLanguage":"en-US","@id":"https:\/\/ibiti.com\/#\/schema\/logo\/image\/","url":"https:\/\/ibiti.com\/wp-content\/uploads\/2024\/10\/ibiti-logo-default.svg","contentUrl":"https:\/\/ibiti.com\/wp-content\/uploads\/2024\/10\/ibiti-logo-default.svg","width":80,"height":54,"caption":"IBITI"},"image":{"@id":"https:\/\/ibiti.com\/#\/schema\/logo\/image\/"}},{"@type":"Person","@id":"https:\/\/ibiti.com\/#\/schema\/person\/a1c7394a4e912f501f91fc1c90c6d295","name":"Isabel Pequeno","image":{"@type":"ImageObject","inLanguage":"en-US","@id":"https:\/\/secure.gravatar.com\/avatar\/4ba47a46d9b3622ee84694330b6a9feb1941c6e435bb4964f12478eae187f5ea?s=96&d=mm&r=g","url":"https:\/\/secure.gravatar.com\/avatar\/4ba47a46d9b3622ee84694330b6a9feb1941c6e435bb4964f12478eae187f5ea?s=96&d=mm&r=g","contentUrl":"https:\/\/secure.gravatar.com\/avatar\/4ba47a46d9b3622ee84694330b6a9feb1941c6e435bb4964f12478eae187f5ea?s=96&d=mm&r=g","caption":"Isabel Pequeno"},"url":"https:\/\/ibiti.com\/en\/author\/isabel\/"}]}},"jetpack_featured_media_url":"https:\/\/ibiti.com\/wp-content\/uploads\/2025\/06\/Ibiti-na-Forbes-junho-2025.webp","jetpack_sharing_enabled":true,"_links":{"self":[{"href":"https:\/\/ibiti.com\/en\/wp-json\/wp\/v2\/posts\/6056","targetHints":{"allow":["GET"]}}],"collection":[{"href":"https:\/\/ibiti.com\/en\/wp-json\/wp\/v2\/posts"}],"about":[{"href":"https:\/\/ibiti.com\/en\/wp-json\/wp\/v2\/types\/post"}],"author":[{"embeddable":true,"href":"https:\/\/ibiti.com\/en\/wp-json\/wp\/v2\/users\/7"}],"replies":[{"embeddable":true,"href":"https:\/\/ibiti.com\/en\/wp-json\/wp\/v2\/comments?post=6056"}],"version-history":[{"count":0,"href":"https:\/\/ibiti.com\/en\/wp-json\/wp\/v2\/posts\/6056\/revisions"}],"wp:featuredmedia":[{"embeddable":true,"href":"https:\/\/ibiti.com\/en\/wp-json\/wp\/v2\/media\/6070"}],"wp:attachment":[{"href":"https:\/\/ibiti.com\/en\/wp-json\/wp\/v2\/media?parent=6056"}],"wp:term":[{"taxonomy":"category","embeddable":true,"href":"https:\/\/ibiti.com\/en\/wp-json\/wp\/v2\/categories?post=6056"},{"taxonomy":"post_tag","embeddable":true,"href":"https:\/\/ibiti.com\/en\/wp-json\/wp\/v2\/tags?post=6056"}],"curies":[{"name":"wp","href":"https:\/\/api.w.org\/{rel}","templated":true}]}}