{"id":5332,"date":"2025-04-07T17:03:48","date_gmt":"2025-04-07T20:03:48","guid":{"rendered":"https:\/\/ibiti.com\/?p=5332"},"modified":"2025-04-16T10:40:20","modified_gmt":"2025-04-16T13:40:20","slug":"natture-forces-a-spiritual-retreat-in-ibiti","status":"publish","type":"post","link":"https:\/\/ibiti.com\/en\/natture-forces-a-spiritual-retreat-in-ibiti\/","title":{"rendered":"Natture Force: a spiritual retreat in Ibiti"},"content":{"rendered":"<p><\/p>\n\n\n\n<p>Imagine yourself surrounded by the peace of mountains and waterfalls. O <strong>Natture Force<\/strong> is a call for those seeking something beyond the routine, a deep dive into nature and their own being. Scheduled for the second half of the year, the spiritual retreat in Ibiti promises to transform eyes and awaken dormant senses.\u00a0<a href=\"https:\/\/api.whatsapp.com\/send?phone=5532999847626\">Book this experience<\/a>!<\/p>\n\n\n\n<p>This sensory journey is taking place for the second time at Ibiti Projeto, with accommodation at Engenho Lodge, marked by silence, privacy and beautiful landscapes. In 2024, the first edition brought together a group who gave themselves over to practicing in the midst of nature.<\/p>\n\n\n\n<p><\/p>\n\n\n\n<figure class=\"wp-block-gallery has-nested-images columns-default is-cropped wp-block-gallery-1 is-layout-flex wp-block-gallery-is-layout-flex\">\n<figure class=\"wp-block-image size-full\"><img fetchpriority=\"high\" decoding=\"async\" width=\"646\" height=\"861\" data-id=\"5355\" src=\"https:\/\/ibiti.com\/wp-content\/uploads\/2025\/04\/Ibiti-Natture-Force-ritual-riacho-2.jpeg\" alt=\"\" class=\"wp-image-5355\" srcset=\"https:\/\/ibiti.com\/wp-content\/uploads\/2025\/04\/Ibiti-Natture-Force-ritual-riacho-2.jpeg 646w, https:\/\/ibiti.com\/wp-content\/uploads\/2025\/04\/Ibiti-Natture-Force-ritual-riacho-2-225x300.jpeg 225w, https:\/\/ibiti.com\/wp-content\/uploads\/2025\/04\/Ibiti-Natture-Force-ritual-riacho-2-9x12.jpeg 9w\" sizes=\"(max-width: 646px) 100vw, 646px\" \/><\/figure>\n\n\n\n<figure class=\"wp-block-image size-full\"><img decoding=\"async\" width=\"2560\" height=\"2442\" data-id=\"5357\" src=\"https:\/\/ibiti.com\/wp-content\/uploads\/2025\/04\/Ibiti-Natture-Force-ritual-rosas-scaled.jpeg\" alt=\"\" class=\"wp-image-5357\" srcset=\"https:\/\/ibiti.com\/wp-content\/uploads\/2025\/04\/Ibiti-Natture-Force-ritual-rosas-scaled.jpeg 2560w, https:\/\/ibiti.com\/wp-content\/uploads\/2025\/04\/Ibiti-Natture-Force-ritual-rosas-300x286.jpeg 300w, https:\/\/ibiti.com\/wp-content\/uploads\/2025\/04\/Ibiti-Natture-Force-ritual-rosas-1024x977.jpeg 1024w, https:\/\/ibiti.com\/wp-content\/uploads\/2025\/04\/Ibiti-Natture-Force-ritual-rosas-768x733.jpeg 768w, https:\/\/ibiti.com\/wp-content\/uploads\/2025\/04\/Ibiti-Natture-Force-ritual-rosas-1536x1465.jpeg 1536w, https:\/\/ibiti.com\/wp-content\/uploads\/2025\/04\/Ibiti-Natture-Force-ritual-rosas-2048x1954.jpeg 2048w, https:\/\/ibiti.com\/wp-content\/uploads\/2025\/04\/Ibiti-Natture-Force-ritual-rosas-13x12.jpeg 13w\" sizes=\"(max-width: 2560px) 100vw, 2560px\" \/><\/figure>\n<\/figure>\n\n\n\n<p><\/p>\n\n\n\n<h3 class=\"wp-block-heading\"><strong>Five days to slow down<\/strong><\/h3>\n\n\n\n<p>Modern life pushes us to rush, to disconnect. But what if, for five days, we could slow down? That's what <strong>Natture Force Ibitipoca<\/strong>The best way to get to know your surroundings: an immersion in experiences that rescue the essential. Walking along trails where each stone seems to hold a story, feeling the touch of the cold water of the waterfalls, choosing the herbs for a special bath with your own hands. Every moment is an invitation to be fully present.<\/p>\n\n\n\n<figure class=\"wp-block-gallery has-nested-images columns-default is-cropped wp-block-gallery-2 is-layout-flex wp-block-gallery-is-layout-flex\">\n<figure class=\"wp-block-image size-large\"><img decoding=\"async\" width=\"576\" height=\"1024\" data-id=\"5354\" src=\"https:\/\/ibiti.com\/wp-content\/uploads\/2025\/04\/Ibiti-Natture-Force-temazcal-576x1024.jpeg\" alt=\"Natture Force: Temazcal experience during spiritual retreat in Ibiti\" class=\"wp-image-5354\" srcset=\"https:\/\/ibiti.com\/wp-content\/uploads\/2025\/04\/Ibiti-Natture-Force-temazcal-576x1024.jpeg 576w, https:\/\/ibiti.com\/wp-content\/uploads\/2025\/04\/Ibiti-Natture-Force-temazcal-169x300.jpeg 169w, https:\/\/ibiti.com\/wp-content\/uploads\/2025\/04\/Ibiti-Natture-Force-temazcal-768x1365.jpeg 768w, https:\/\/ibiti.com\/wp-content\/uploads\/2025\/04\/Ibiti-Natture-Force-temazcal-864x1536.jpeg 864w, https:\/\/ibiti.com\/wp-content\/uploads\/2025\/04\/Ibiti-Natture-Force-temazcal-1152x2048.jpeg 1152w, https:\/\/ibiti.com\/wp-content\/uploads\/2025\/04\/Ibiti-Natture-Force-temazcal-7x12.jpeg 7w, https:\/\/ibiti.com\/wp-content\/uploads\/2025\/04\/Ibiti-Natture-Force-temazcal-scaled.jpeg 1440w\" sizes=\"(max-width: 576px) 100vw, 576px\" \/><\/figure>\n\n\n\n<figure class=\"wp-block-image size-large\"><img loading=\"lazy\" decoding=\"async\" width=\"584\" height=\"1024\" data-id=\"5359\" src=\"https:\/\/ibiti.com\/wp-content\/uploads\/2025\/04\/Ibiti-Natture-Force-fogueira-oca-584x1024.jpeg\" alt=\"Bonfire in the Oca\" class=\"wp-image-5359\" srcset=\"https:\/\/ibiti.com\/wp-content\/uploads\/2025\/04\/Ibiti-Natture-Force-fogueira-oca-584x1024.jpeg 584w, https:\/\/ibiti.com\/wp-content\/uploads\/2025\/04\/Ibiti-Natture-Force-fogueira-oca-171x300.jpeg 171w, https:\/\/ibiti.com\/wp-content\/uploads\/2025\/04\/Ibiti-Natture-Force-fogueira-oca-768x1346.jpeg 768w, https:\/\/ibiti.com\/wp-content\/uploads\/2025\/04\/Ibiti-Natture-Force-fogueira-oca-876x1536.jpeg 876w, https:\/\/ibiti.com\/wp-content\/uploads\/2025\/04\/Ibiti-Natture-Force-fogueira-oca-1168x2048.jpeg 1168w, https:\/\/ibiti.com\/wp-content\/uploads\/2025\/04\/Ibiti-Natture-Force-fogueira-oca-7x12.jpeg 7w, https:\/\/ibiti.com\/wp-content\/uploads\/2025\/04\/Ibiti-Natture-Force-fogueira-oca.jpeg 1179w\" sizes=\"(max-width: 584px) 100vw, 584px\" \/><\/figure>\n\n\n\n<figure class=\"wp-block-image size-large\"><img loading=\"lazy\" decoding=\"async\" width=\"1024\" height=\"768\" data-id=\"5360\" src=\"https:\/\/ibiti.com\/wp-content\/uploads\/2025\/04\/Ibiti-Natture-Force-gruta-1024x768.jpeg\" alt=\"Cave in Ibiti\" class=\"wp-image-5360\" srcset=\"https:\/\/ibiti.com\/wp-content\/uploads\/2025\/04\/Ibiti-Natture-Force-gruta-1024x768.jpeg 1024w, https:\/\/ibiti.com\/wp-content\/uploads\/2025\/04\/Ibiti-Natture-Force-gruta-300x225.jpeg 300w, https:\/\/ibiti.com\/wp-content\/uploads\/2025\/04\/Ibiti-Natture-Force-gruta-768x576.jpeg 768w, https:\/\/ibiti.com\/wp-content\/uploads\/2025\/04\/Ibiti-Natture-Force-gruta-1536x1152.jpeg 1536w, https:\/\/ibiti.com\/wp-content\/uploads\/2025\/04\/Ibiti-Natture-Force-gruta-16x12.jpeg 16w, https:\/\/ibiti.com\/wp-content\/uploads\/2025\/04\/Ibiti-Natture-Force-gruta.jpeg 1600w\" sizes=\"(max-width: 1024px) 100vw, 1024px\" \/><\/figure>\n<\/figure>\n\n\n\n<p><\/p>\n\n\n\n<h3 class=\"wp-block-heading\"><strong>The magic of experiences<\/strong><\/h3>\n\n\n\n<p>O <strong>Natture Force spiritual retreat<\/strong> It doesn't have a rigid script; it has a flow. A rhythm that molds itself to the energies of the group and the place itself. Some experiences await the participants:<\/p>\n\n\n\n<ul class=\"wp-block-list\">\n<li><strong>Forest Medicine Ceremony<\/strong>guided by ancestral knowledge.<\/li>\n\n\n\n<li><strong>Activities in the Oca<\/strong>where learning becomes experience.<\/li>\n\n\n\n<li><strong>Moment with the Shaman<\/strong>A space for exchange and expansion of consciousness.<\/li>\n\n\n\n<li><strong>River bath and Temazcal at Prainha do Engenho<\/strong>with herbs picked on site.<\/li>\n\n\n\n<li><strong>E-Bike Therapy<\/strong>to feel the energy of the <strong>Ibiti Project<\/strong> with freedom.<\/li>\n\n\n\n<li><strong>Experience in the Grotto<\/strong>an experience that transcends.<\/li>\n\n\n\n<li><strong>Sound Healing in the Statues<\/strong>a meeting between vibration, nature and inner silence.<\/li>\n<\/ul>\n\n\n\n<figure class=\"wp-block-image size-large\"><img loading=\"lazy\" decoding=\"async\" width=\"1024\" height=\"1010\" src=\"https:\/\/ibiti.com\/wp-content\/uploads\/2025\/04\/Ibiti-Natture-Force-trio-e1743801553634-1024x1010.jpeg\" alt=\"Organizers of Natture Force - Spiritual retreat in Ibiti\" class=\"wp-image-5356\" srcset=\"https:\/\/ibiti.com\/wp-content\/uploads\/2025\/04\/Ibiti-Natture-Force-trio-e1743801553634-1024x1010.jpeg 1024w, https:\/\/ibiti.com\/wp-content\/uploads\/2025\/04\/Ibiti-Natture-Force-trio-e1743801553634-300x296.jpeg 300w, https:\/\/ibiti.com\/wp-content\/uploads\/2025\/04\/Ibiti-Natture-Force-trio-e1743801553634-768x758.jpeg 768w, https:\/\/ibiti.com\/wp-content\/uploads\/2025\/04\/Ibiti-Natture-Force-trio-e1743801553634-12x12.jpeg 12w, https:\/\/ibiti.com\/wp-content\/uploads\/2025\/04\/Ibiti-Natture-Force-trio-e1743801553634.jpeg 1200w\" sizes=\"(max-width: 1024px) 100vw, 1024px\" \/><figcaption class=\"wp-element-caption\">In charge of Natture Force: Sthan Xanni\u00e3, Graziella Pinto and Paula Fujii<\/figcaption><\/figure>\n\n\n\n<h3 class=\"wp-block-heading\"><strong>The people who guide this journey<\/strong><\/h3>\n\n\n\n<ul class=\"wp-block-list\">\n<li><strong>Sthan Xanni\u00e3 Tehuantepelt<\/strong>, a shaman and healer with over 30 years' experience in Native Shamanism, a guide to self-knowledge and healing.<\/li>\n\n\n\n<li><strong>Graziella Pinto<\/strong>He is an artist and activist for the expansion of consciousness, who sees nature and art as a path to transformation.<\/li>\n\n\n\n<li><strong>Paula Fujii<\/strong>She is a creative strategist, yoga-therapist and mountain bike enthusiast who believes in the magic of the unexpected.<\/li>\n<\/ul>\n\n\n\n<p><em>\"Our call is simple: to remember who we are. By silencing the mind and listening to nature, we find answers that have always been there. Awakening is not a destination, it's a path.\"<\/em><\/p>\n\n\n\n<p>- <strong>Graziella Pinto, one of the organizers of Natture Force<\/strong><\/p>\n\n\n\n<figure class=\"wp-block-gallery has-nested-images columns-default is-cropped wp-block-gallery-3 is-layout-flex wp-block-gallery-is-layout-flex\">\n<figure class=\"wp-block-image size-large\"><img loading=\"lazy\" decoding=\"async\" width=\"576\" height=\"1024\" data-id=\"5358\" src=\"https:\/\/ibiti.com\/wp-content\/uploads\/2025\/04\/Ibiti-Natture-Force-bike-estatua-576x1024.jpeg\" alt=\"\" class=\"wp-image-5358\" srcset=\"https:\/\/ibiti.com\/wp-content\/uploads\/2025\/04\/Ibiti-Natture-Force-bike-estatua-576x1024.jpeg 576w, https:\/\/ibiti.com\/wp-content\/uploads\/2025\/04\/Ibiti-Natture-Force-bike-estatua-169x300.jpeg 169w, https:\/\/ibiti.com\/wp-content\/uploads\/2025\/04\/Ibiti-Natture-Force-bike-estatua-768x1365.jpeg 768w, https:\/\/ibiti.com\/wp-content\/uploads\/2025\/04\/Ibiti-Natture-Force-bike-estatua-864x1536.jpeg 864w, https:\/\/ibiti.com\/wp-content\/uploads\/2025\/04\/Ibiti-Natture-Force-bike-estatua-1152x2048.jpeg 1152w, https:\/\/ibiti.com\/wp-content\/uploads\/2025\/04\/Ibiti-Natture-Force-bike-estatua-7x12.jpeg 7w, https:\/\/ibiti.com\/wp-content\/uploads\/2025\/04\/Ibiti-Natture-Force-bike-estatua-scaled.jpeg 1440w\" sizes=\"(max-width: 576px) 100vw, 576px\" \/><\/figure>\n\n\n\n<figure class=\"wp-block-image size-large\"><img loading=\"lazy\" decoding=\"async\" width=\"1024\" height=\"768\" data-id=\"5363\" src=\"https:\/\/ibiti.com\/wp-content\/uploads\/2025\/04\/Natture-Force-Ibiti-bike-estatuas-1024x768.jpeg\" alt=\"Natture Force: E-Bike Therapy during spiritual retreat in Ibiti\" class=\"wp-image-5363\" srcset=\"https:\/\/ibiti.com\/wp-content\/uploads\/2025\/04\/Natture-Force-Ibiti-bike-estatuas-1024x768.jpeg 1024w, https:\/\/ibiti.com\/wp-content\/uploads\/2025\/04\/Natture-Force-Ibiti-bike-estatuas-300x225.jpeg 300w, https:\/\/ibiti.com\/wp-content\/uploads\/2025\/04\/Natture-Force-Ibiti-bike-estatuas-768x576.jpeg 768w, https:\/\/ibiti.com\/wp-content\/uploads\/2025\/04\/Natture-Force-Ibiti-bike-estatuas-1536x1152.jpeg 1536w, https:\/\/ibiti.com\/wp-content\/uploads\/2025\/04\/Natture-Force-Ibiti-bike-estatuas-16x12.jpeg 16w, https:\/\/ibiti.com\/wp-content\/uploads\/2025\/04\/Natture-Force-Ibiti-bike-estatuas.jpeg 1600w\" sizes=\"(max-width: 1024px) 100vw, 1024px\" \/><\/figure>\n<\/figure>\n\n\n\n<p><\/p>\n\n\n\n<h3 class=\"wp-block-heading\"><strong>The Natture Force altar<\/strong><\/h3>\n\n\n\n<p>Natture Force takes place in one of Brazil's most impressive territories. O <strong>Ibiti Project<\/strong> is an innovative socio-environmental enterprise that integrates sustainability, well-being and regeneration. One of the best sustainable luxury hotels in the world, it offers an authentic experience of immersion in nature, where body, mind and spirit are harmonized.<\/p>\n\n\n\n<p><\/p>\n\n\n\n<h3 class=\"wp-block-heading\"><strong>Information and reservations<\/strong><\/h3>\n\n\n\n<p>The program includes accommodation at the Engenho Lodge with full meals, all the experiences and the rental of the <strong>e-bike<\/strong>.<\/p>\n\n\n\n<ul class=\"wp-block-list\">\n<li>Graziella: (11) 98137-9999<\/li>\n\n\n\n<li>Paula: +1 6696390790<\/li>\n\n\n\n<li>Reservations and transfers: <a href=\"https:\/\/api.whatsapp.com\/send?phone=5532999847626\">(32) 99984-7626 | Joseane reservas@ibiti.com<\/a><\/li>\n\n\n\n<li>Air &amp; Charter: <a href=\"https:\/\/api.whatsapp.com\/send?phone=5532999847626\">(32) 99984-7626 | Maktub Travel Agency<\/a><\/li>\n<\/ul>\n\n\n\n<h3 class=\"wp-block-heading\">In the end, the question remains: are you ready to wake up?<\/h3>","protected":false},"excerpt":{"rendered":"<p>Imagine-se cercado pela paz de montanhas e cachoeiras. O Natture Force \u00e9 um chamado para quem busca algo al\u00e9m da rotina, um mergulho profundo na natureza e no pr\u00f3prio ser. Previsto para o segundo semestre, o retiro espiritual em Ibiti promete transformar olhares e despertar sentidos adormecidos.\u00a0Reserve essa experi\u00eancia! Essa jornada sensorial acontece pela segunda [&hellip;]<\/p>\n","protected":false},"author":7,"featured_media":5454,"comment_status":"closed","ping_status":"open","sticky":false,"template":"","format":"standard","meta":{"_jetpack_memberships_contains_paid_content":false,"footnotes":""},"categories":[13],"tags":[154,119,185,182],"class_list":["post-5332","post","type-post","status-publish","format-standard","has-post-thumbnail","hentry","category-ibiti-news","tag-ibiti","tag-ibiti-projeto","tag-natture-force","tag-retiro-espiritual"],"yoast_head":"<!-- This site is optimized with the Yoast SEO plugin v27.5 - https:\/\/yoast.com\/product\/yoast-seo-wordpress\/ -->\n<title>Natture Force: um retiro espiritual em Ibiti - IBITI<\/title>\n<meta name=\"description\" content=\"Viva o retiro espiritual em Ibiti, com cerim\u00f4nias ancestrais, rituais de cura e experi\u00eancias sensoriais em meio \u00e0 natureza\" \/>\n<meta name=\"robots\" content=\"index, follow, max-snippet:-1, max-image-preview:large, max-video-preview:-1\" \/>\n<link rel=\"canonical\" href=\"https:\/\/ibiti.com\/en\/natture-forces-a-spiritual-retreat-in-ibiti\/\" \/>\n<meta property=\"og:locale\" content=\"en_US\" \/>\n<meta property=\"og:type\" content=\"article\" \/>\n<meta property=\"og:title\" content=\"Natture Force: um retiro espiritual em Ibiti - IBITI\" \/>\n<meta property=\"og:description\" content=\"Viva o retiro espiritual em Ibiti, com cerim\u00f4nias ancestrais, rituais de cura e experi\u00eancias sensoriais em meio \u00e0 natureza\" \/>\n<meta property=\"og:url\" content=\"https:\/\/ibiti.com\/en\/natture-forces-a-spiritual-retreat-in-ibiti\/\" \/>\n<meta property=\"og:site_name\" content=\"IBITI\" \/>\n<meta property=\"article:published_time\" content=\"2025-04-07T20:03:48+00:00\" \/>\n<meta property=\"article:modified_time\" content=\"2025-04-16T13:40:20+00:00\" \/>\n<meta property=\"og:image\" content=\"https:\/\/ibiti.com\/wp-content\/uploads\/2025\/04\/IMG-20250408-WA0027.jpg\" \/>\n\t<meta property=\"og:image:width\" content=\"1175\" \/>\n\t<meta property=\"og:image:height\" content=\"606\" \/>\n\t<meta property=\"og:image:type\" content=\"image\/jpeg\" \/>\n<meta name=\"author\" content=\"Isabel Pequeno\" \/>\n<meta name=\"twitter:card\" content=\"summary_large_image\" \/>\n<meta name=\"twitter:label1\" content=\"Written by\" \/>\n\t<meta name=\"twitter:data1\" content=\"Isabel Pequeno\" \/>\n\t<meta name=\"twitter:label2\" content=\"Est. reading time\" \/>\n\t<meta name=\"twitter:data2\" content=\"5 minutes\" \/>\n<script type=\"application\/ld+json\" class=\"yoast-schema-graph\">{\"@context\":\"https:\\\/\\\/schema.org\",\"@graph\":[{\"@type\":\"Article\",\"@id\":\"https:\\\/\\\/ibiti.com\\\/natture-force-um-retiro-espiritual-em-ibiti\\\/#article\",\"isPartOf\":{\"@id\":\"https:\\\/\\\/ibiti.com\\\/natture-force-um-retiro-espiritual-em-ibiti\\\/\"},\"author\":{\"name\":\"Isabel Pequeno\",\"@id\":\"https:\\\/\\\/ibiti.com\\\/#\\\/schema\\\/person\\\/a1c7394a4e912f501f91fc1c90c6d295\"},\"headline\":\"Natture Force: um retiro espiritual em Ibiti\",\"datePublished\":\"2025-04-07T20:03:48+00:00\",\"dateModified\":\"2025-04-16T13:40:20+00:00\",\"mainEntityOfPage\":{\"@id\":\"https:\\\/\\\/ibiti.com\\\/natture-force-um-retiro-espiritual-em-ibiti\\\/\"},\"wordCount\":545,\"publisher\":{\"@id\":\"https:\\\/\\\/ibiti.com\\\/#organization\"},\"image\":{\"@id\":\"https:\\\/\\\/ibiti.com\\\/natture-force-um-retiro-espiritual-em-ibiti\\\/#primaryimage\"},\"thumbnailUrl\":\"https:\\\/\\\/ibiti.com\\\/wp-content\\\/uploads\\\/2025\\\/04\\\/IMG-20250408-WA0027.jpg\",\"keywords\":[\"ibiti\",\"ibiti projeto\",\"natture force\",\"retiro espiritual\"],\"articleSection\":[\"Ibiti News\"],\"inLanguage\":\"en-US\"},{\"@type\":\"WebPage\",\"@id\":\"https:\\\/\\\/ibiti.com\\\/natture-force-um-retiro-espiritual-em-ibiti\\\/\",\"url\":\"https:\\\/\\\/ibiti.com\\\/natture-force-um-retiro-espiritual-em-ibiti\\\/\",\"name\":\"Natture Force: um retiro espiritual em Ibiti - IBITI\",\"isPartOf\":{\"@id\":\"https:\\\/\\\/ibiti.com\\\/#website\"},\"primaryImageOfPage\":{\"@id\":\"https:\\\/\\\/ibiti.com\\\/natture-force-um-retiro-espiritual-em-ibiti\\\/#primaryimage\"},\"image\":{\"@id\":\"https:\\\/\\\/ibiti.com\\\/natture-force-um-retiro-espiritual-em-ibiti\\\/#primaryimage\"},\"thumbnailUrl\":\"https:\\\/\\\/ibiti.com\\\/wp-content\\\/uploads\\\/2025\\\/04\\\/IMG-20250408-WA0027.jpg\",\"datePublished\":\"2025-04-07T20:03:48+00:00\",\"dateModified\":\"2025-04-16T13:40:20+00:00\",\"description\":\"Viva o retiro espiritual em Ibiti, com cerim\u00f4nias ancestrais, rituais de cura e experi\u00eancias sensoriais em meio \u00e0 natureza\",\"inLanguage\":\"en-US\",\"potentialAction\":[{\"@type\":\"ReadAction\",\"target\":[\"https:\\\/\\\/ibiti.com\\\/natture-force-um-retiro-espiritual-em-ibiti\\\/\"]}]},{\"@type\":\"ImageObject\",\"inLanguage\":\"en-US\",\"@id\":\"https:\\\/\\\/ibiti.com\\\/natture-force-um-retiro-espiritual-em-ibiti\\\/#primaryimage\",\"url\":\"https:\\\/\\\/ibiti.com\\\/wp-content\\\/uploads\\\/2025\\\/04\\\/IMG-20250408-WA0027.jpg\",\"contentUrl\":\"https:\\\/\\\/ibiti.com\\\/wp-content\\\/uploads\\\/2025\\\/04\\\/IMG-20250408-WA0027.jpg\",\"width\":1175,\"height\":606},{\"@type\":\"WebSite\",\"@id\":\"https:\\\/\\\/ibiti.com\\\/#website\",\"url\":\"https:\\\/\\\/ibiti.com\\\/\",\"name\":\"IBITI\",\"description\":\"Somos um projeto socioambiental experimental focado no homem e sua casa, o planeta.  Somos um novo mundo nas montanhas de Minas.  Acreditamos na harmonia entre o ser humano e a natureza.\",\"publisher\":{\"@id\":\"https:\\\/\\\/ibiti.com\\\/#organization\"},\"potentialAction\":[{\"@type\":\"SearchAction\",\"target\":{\"@type\":\"EntryPoint\",\"urlTemplate\":\"https:\\\/\\\/ibiti.com\\\/?s={search_term_string}\"},\"query-input\":{\"@type\":\"PropertyValueSpecification\",\"valueRequired\":true,\"valueName\":\"search_term_string\"}}],\"inLanguage\":\"en-US\"},{\"@type\":\"Organization\",\"@id\":\"https:\\\/\\\/ibiti.com\\\/#organization\",\"name\":\"IBITI\",\"url\":\"https:\\\/\\\/ibiti.com\\\/\",\"logo\":{\"@type\":\"ImageObject\",\"inLanguage\":\"en-US\",\"@id\":\"https:\\\/\\\/ibiti.com\\\/#\\\/schema\\\/logo\\\/image\\\/\",\"url\":\"https:\\\/\\\/ibiti.com\\\/wp-content\\\/uploads\\\/2024\\\/10\\\/ibiti-logo-default.svg\",\"contentUrl\":\"https:\\\/\\\/ibiti.com\\\/wp-content\\\/uploads\\\/2024\\\/10\\\/ibiti-logo-default.svg\",\"width\":80,\"height\":54,\"caption\":\"IBITI\"},\"image\":{\"@id\":\"https:\\\/\\\/ibiti.com\\\/#\\\/schema\\\/logo\\\/image\\\/\"}},{\"@type\":\"Person\",\"@id\":\"https:\\\/\\\/ibiti.com\\\/#\\\/schema\\\/person\\\/a1c7394a4e912f501f91fc1c90c6d295\",\"name\":\"Isabel Pequeno\",\"image\":{\"@type\":\"ImageObject\",\"inLanguage\":\"en-US\",\"@id\":\"https:\\\/\\\/secure.gravatar.com\\\/avatar\\\/4ba47a46d9b3622ee84694330b6a9feb1941c6e435bb4964f12478eae187f5ea?s=96&d=mm&r=g\",\"url\":\"https:\\\/\\\/secure.gravatar.com\\\/avatar\\\/4ba47a46d9b3622ee84694330b6a9feb1941c6e435bb4964f12478eae187f5ea?s=96&d=mm&r=g\",\"contentUrl\":\"https:\\\/\\\/secure.gravatar.com\\\/avatar\\\/4ba47a46d9b3622ee84694330b6a9feb1941c6e435bb4964f12478eae187f5ea?s=96&d=mm&r=g\",\"caption\":\"Isabel Pequeno\"},\"url\":\"https:\\\/\\\/ibiti.com\\\/en\\\/author\\\/isabel\\\/\"}]}<\/script>\n<!-- \/ Yoast SEO plugin. -->","yoast_head_json":{"title":"Natture Force: a spiritual retreat in Ibiti - IBITI","description":"Experience a spiritual retreat in Ibiti, with ancestral ceremonies, healing rituals and sensory experiences in the midst of nature.","robots":{"index":"index","follow":"follow","max-snippet":"max-snippet:-1","max-image-preview":"max-image-preview:large","max-video-preview":"max-video-preview:-1"},"canonical":"https:\/\/ibiti.com\/en\/natture-forces-a-spiritual-retreat-in-ibiti\/","og_locale":"en_US","og_type":"article","og_title":"Natture Force: um retiro espiritual em Ibiti - IBITI","og_description":"Viva o retiro espiritual em Ibiti, com cerim\u00f4nias ancestrais, rituais de cura e experi\u00eancias sensoriais em meio \u00e0 natureza","og_url":"https:\/\/ibiti.com\/en\/natture-forces-a-spiritual-retreat-in-ibiti\/","og_site_name":"IBITI","article_published_time":"2025-04-07T20:03:48+00:00","article_modified_time":"2025-04-16T13:40:20+00:00","og_image":[{"width":1175,"height":606,"url":"https:\/\/ibiti.com\/wp-content\/uploads\/2025\/04\/IMG-20250408-WA0027.jpg","type":"image\/jpeg"}],"author":"Isabel Pequeno","twitter_card":"summary_large_image","twitter_misc":{"Written by":"Isabel Pequeno","Est. reading time":"5 minutes"},"schema":{"@context":"https:\/\/schema.org","@graph":[{"@type":"Article","@id":"https:\/\/ibiti.com\/natture-force-um-retiro-espiritual-em-ibiti\/#article","isPartOf":{"@id":"https:\/\/ibiti.com\/natture-force-um-retiro-espiritual-em-ibiti\/"},"author":{"name":"Isabel Pequeno","@id":"https:\/\/ibiti.com\/#\/schema\/person\/a1c7394a4e912f501f91fc1c90c6d295"},"headline":"Natture Force: um retiro espiritual em Ibiti","datePublished":"2025-04-07T20:03:48+00:00","dateModified":"2025-04-16T13:40:20+00:00","mainEntityOfPage":{"@id":"https:\/\/ibiti.com\/natture-force-um-retiro-espiritual-em-ibiti\/"},"wordCount":545,"publisher":{"@id":"https:\/\/ibiti.com\/#organization"},"image":{"@id":"https:\/\/ibiti.com\/natture-force-um-retiro-espiritual-em-ibiti\/#primaryimage"},"thumbnailUrl":"https:\/\/ibiti.com\/wp-content\/uploads\/2025\/04\/IMG-20250408-WA0027.jpg","keywords":["ibiti","ibiti projeto","natture force","retiro espiritual"],"articleSection":["Ibiti News"],"inLanguage":"en-US"},{"@type":"WebPage","@id":"https:\/\/ibiti.com\/natture-force-um-retiro-espiritual-em-ibiti\/","url":"https:\/\/ibiti.com\/natture-force-um-retiro-espiritual-em-ibiti\/","name":"Natture Force: a spiritual retreat in Ibiti - IBITI","isPartOf":{"@id":"https:\/\/ibiti.com\/#website"},"primaryImageOfPage":{"@id":"https:\/\/ibiti.com\/natture-force-um-retiro-espiritual-em-ibiti\/#primaryimage"},"image":{"@id":"https:\/\/ibiti.com\/natture-force-um-retiro-espiritual-em-ibiti\/#primaryimage"},"thumbnailUrl":"https:\/\/ibiti.com\/wp-content\/uploads\/2025\/04\/IMG-20250408-WA0027.jpg","datePublished":"2025-04-07T20:03:48+00:00","dateModified":"2025-04-16T13:40:20+00:00","description":"Experience a spiritual retreat in Ibiti, with ancestral ceremonies, healing rituals and sensory experiences in the midst of nature.","inLanguage":"en-US","potentialAction":[{"@type":"ReadAction","target":["https:\/\/ibiti.com\/natture-force-um-retiro-espiritual-em-ibiti\/"]}]},{"@type":"ImageObject","inLanguage":"en-US","@id":"https:\/\/ibiti.com\/natture-force-um-retiro-espiritual-em-ibiti\/#primaryimage","url":"https:\/\/ibiti.com\/wp-content\/uploads\/2025\/04\/IMG-20250408-WA0027.jpg","contentUrl":"https:\/\/ibiti.com\/wp-content\/uploads\/2025\/04\/IMG-20250408-WA0027.jpg","width":1175,"height":606},{"@type":"WebSite","@id":"https:\/\/ibiti.com\/#website","url":"https:\/\/ibiti.com\/","name":"IBITI","description":"We are an experimental socio-environmental project focused on man and his home, the planet.  We are a new world in the mountains of Minas Gerais.  We believe in harmony between human beings and nature.","publisher":{"@id":"https:\/\/ibiti.com\/#organization"},"potentialAction":[{"@type":"SearchAction","target":{"@type":"EntryPoint","urlTemplate":"https:\/\/ibiti.com\/?s={search_term_string}"},"query-input":{"@type":"PropertyValueSpecification","valueRequired":true,"valueName":"search_term_string"}}],"inLanguage":"en-US"},{"@type":"Organization","@id":"https:\/\/ibiti.com\/#organization","name":"IBITI","url":"https:\/\/ibiti.com\/","logo":{"@type":"ImageObject","inLanguage":"en-US","@id":"https:\/\/ibiti.com\/#\/schema\/logo\/image\/","url":"https:\/\/ibiti.com\/wp-content\/uploads\/2024\/10\/ibiti-logo-default.svg","contentUrl":"https:\/\/ibiti.com\/wp-content\/uploads\/2024\/10\/ibiti-logo-default.svg","width":80,"height":54,"caption":"IBITI"},"image":{"@id":"https:\/\/ibiti.com\/#\/schema\/logo\/image\/"}},{"@type":"Person","@id":"https:\/\/ibiti.com\/#\/schema\/person\/a1c7394a4e912f501f91fc1c90c6d295","name":"Isabel Pequeno","image":{"@type":"ImageObject","inLanguage":"en-US","@id":"https:\/\/secure.gravatar.com\/avatar\/4ba47a46d9b3622ee84694330b6a9feb1941c6e435bb4964f12478eae187f5ea?s=96&d=mm&r=g","url":"https:\/\/secure.gravatar.com\/avatar\/4ba47a46d9b3622ee84694330b6a9feb1941c6e435bb4964f12478eae187f5ea?s=96&d=mm&r=g","contentUrl":"https:\/\/secure.gravatar.com\/avatar\/4ba47a46d9b3622ee84694330b6a9feb1941c6e435bb4964f12478eae187f5ea?s=96&d=mm&r=g","caption":"Isabel Pequeno"},"url":"https:\/\/ibiti.com\/en\/author\/isabel\/"}]}},"jetpack_featured_media_url":"https:\/\/ibiti.com\/wp-content\/uploads\/2025\/04\/IMG-20250408-WA0027.jpg","jetpack_sharing_enabled":true,"_links":{"self":[{"href":"https:\/\/ibiti.com\/en\/wp-json\/wp\/v2\/posts\/5332","targetHints":{"allow":["GET"]}}],"collection":[{"href":"https:\/\/ibiti.com\/en\/wp-json\/wp\/v2\/posts"}],"about":[{"href":"https:\/\/ibiti.com\/en\/wp-json\/wp\/v2\/types\/post"}],"author":[{"embeddable":true,"href":"https:\/\/ibiti.com\/en\/wp-json\/wp\/v2\/users\/7"}],"replies":[{"embeddable":true,"href":"https:\/\/ibiti.com\/en\/wp-json\/wp\/v2\/comments?post=5332"}],"version-history":[{"count":0,"href":"https:\/\/ibiti.com\/en\/wp-json\/wp\/v2\/posts\/5332\/revisions"}],"wp:featuredmedia":[{"embeddable":true,"href":"https:\/\/ibiti.com\/en\/wp-json\/wp\/v2\/media\/5454"}],"wp:attachment":[{"href":"https:\/\/ibiti.com\/en\/wp-json\/wp\/v2\/media?parent=5332"}],"wp:term":[{"taxonomy":"category","embeddable":true,"href":"https:\/\/ibiti.com\/en\/wp-json\/wp\/v2\/categories?post=5332"},{"taxonomy":"post_tag","embeddable":true,"href":"https:\/\/ibiti.com\/en\/wp-json\/wp\/v2\/tags?post=5332"}],"curies":[{"name":"wp","href":"https:\/\/api.w.org\/{rel}","templated":true}]}}