{"id":1029,"date":"2022-04-28T09:22:44","date_gmt":"2022-04-28T09:22:44","guid":{"rendered":"https:\/\/ibiti.com\/?p=1029"},"modified":"2024-11-27T14:11:09","modified_gmt":"2024-11-27T14:11:09","slug":"le-figaro","status":"publish","type":"post","link":"https:\/\/ibiti.com\/en\/le-figaro\/","title":{"rendered":"Le Figaro"},"content":{"rendered":"<p class=\"p1 translation-block\">In 2022, Ibiti graced the pages of the esteemed French newspaper \u201cLe Figaro\u201d, with the article by B\u00e9r\u00e9nice Debras (and photos by \u00c9rik Martin), that addressed the art and nature of the Minas project. \u201cFar from the noise of the world, time stretches delightfully to the rhythm of swinging in the hammock or walking, cycling or horse riding on the property, leading to festive meals prepared along the waterfalls. (...) \u201cThe Ibiti is a simple project that asks fundamental questions,\u201d notes Renato Machado. \u201cWhere do we place our values \u200b\u200btoday? Are gold or diamonds worth more than the destruction of nature for their extraction? (\u2026) Now, I let nature do its work for more biodiversity.\u201d<\/p>\n<p><a href=\"https:\/\/www.lefigaro.fr\/voyages\/inspiration\/entre-art-et-nature-la-nouvelle-seve-bresilienne-de-sao-paulo-au-minas-gerais-20220429\" target=\"_blank\" rel=\"noopener\">Read the original article<\/a><\/p>","protected":false},"excerpt":{"rendered":"<p>Em 2022, o Ibiti estampou as p\u00e1ginas do respeitado jornal franc\u00eas \u201cLe Figaro\u201d, com a mat\u00e9ria de B\u00e9r\u00e9nice Debras (e fotos de \u00c9rik Martin), que abordou a arte e a natureza do projeto mineiro. \u201cLonge dos ru\u00eddos do mundo, o tempo se estende deliciosamente ao ritmo dos balan\u00e7os da rede ou das caminhadas, passeios de [&hellip;]<\/p>\n","protected":false},"author":2,"featured_media":1032,"comment_status":"closed","ping_status":"closed","sticky":false,"template":"","format":"standard","meta":{"_jetpack_memberships_contains_paid_content":false,"footnotes":""},"categories":[1],"tags":[],"class_list":["post-1029","post","type-post","status-publish","format-standard","has-post-thumbnail","hentry","category-na-midia"],"yoast_head":"<!-- This site is optimized with the Yoast SEO plugin v27.5 - https:\/\/yoast.com\/product\/yoast-seo-wordpress\/ -->\n<title>Le Figaro - IBITI<\/title>\n<meta name=\"robots\" content=\"index, follow, max-snippet:-1, max-image-preview:large, max-video-preview:-1\" \/>\n<link rel=\"canonical\" href=\"https:\/\/ibiti.com\/en\/le-figaro\/\" \/>\n<meta property=\"og:locale\" content=\"en_US\" \/>\n<meta property=\"og:type\" content=\"article\" \/>\n<meta property=\"og:title\" content=\"Le Figaro - IBITI\" \/>\n<meta property=\"og:description\" content=\"Em 2022, o Ibiti estampou as p\u00e1ginas do respeitado jornal franc\u00eas \u201cLe Figaro\u201d, com a mat\u00e9ria de B\u00e9r\u00e9nice Debras (e fotos de \u00c9rik Martin), que abordou a arte e a natureza do projeto mineiro. \u201cLonge dos ru\u00eddos do mundo, o tempo se estende deliciosamente ao ritmo dos balan\u00e7os da rede ou das caminhadas, passeios de [&hellip;]\" \/>\n<meta property=\"og:url\" content=\"https:\/\/ibiti.com\/en\/le-figaro\/\" \/>\n<meta property=\"og:site_name\" content=\"IBITI\" \/>\n<meta property=\"article:published_time\" content=\"2022-04-28T09:22:44+00:00\" \/>\n<meta property=\"article:modified_time\" content=\"2024-11-27T14:11:09+00:00\" \/>\n<meta property=\"og:image\" content=\"https:\/\/ibiti.com\/wp-content\/uploads\/2023\/12\/le-figaro.jpg\" \/>\n\t<meta property=\"og:image:width\" content=\"2172\" \/>\n\t<meta property=\"og:image:height\" content=\"1448\" \/>\n\t<meta property=\"og:image:type\" content=\"image\/jpeg\" \/>\n<meta name=\"author\" content=\"adm-ibiti Guilherme\" \/>\n<meta name=\"twitter:card\" content=\"summary_large_image\" \/>\n<meta name=\"twitter:label1\" content=\"Written by\" \/>\n\t<meta name=\"twitter:data1\" content=\"adm-ibiti Guilherme\" \/>\n\t<meta name=\"twitter:label2\" content=\"Est. reading time\" \/>\n\t<meta name=\"twitter:data2\" content=\"1 minute\" \/>\n<script type=\"application\/ld+json\" class=\"yoast-schema-graph\">{\"@context\":\"https:\\\/\\\/schema.org\",\"@graph\":[{\"@type\":\"Article\",\"@id\":\"https:\\\/\\\/ibiti.com\\\/le-figaro\\\/#article\",\"isPartOf\":{\"@id\":\"https:\\\/\\\/ibiti.com\\\/le-figaro\\\/\"},\"author\":{\"name\":\"adm-ibiti Guilherme\",\"@id\":\"https:\\\/\\\/ibiti.com\\\/#\\\/schema\\\/person\\\/01df54b0366fd1d3db493cc70ad27f65\"},\"headline\":\"Le Figaro\",\"datePublished\":\"2022-04-28T09:22:44+00:00\",\"dateModified\":\"2024-11-27T14:11:09+00:00\",\"mainEntityOfPage\":{\"@id\":\"https:\\\/\\\/ibiti.com\\\/le-figaro\\\/\"},\"wordCount\":129,\"publisher\":{\"@id\":\"https:\\\/\\\/ibiti.com\\\/#organization\"},\"image\":{\"@id\":\"https:\\\/\\\/ibiti.com\\\/le-figaro\\\/#primaryimage\"},\"thumbnailUrl\":\"https:\\\/\\\/ibiti.com\\\/wp-content\\\/uploads\\\/2023\\\/12\\\/le-figaro.jpg\",\"articleSection\":[\"Na m\u00eddia\"],\"inLanguage\":\"en-US\"},{\"@type\":\"WebPage\",\"@id\":\"https:\\\/\\\/ibiti.com\\\/le-figaro\\\/\",\"url\":\"https:\\\/\\\/ibiti.com\\\/le-figaro\\\/\",\"name\":\"Le Figaro - IBITI\",\"isPartOf\":{\"@id\":\"https:\\\/\\\/ibiti.com\\\/#website\"},\"primaryImageOfPage\":{\"@id\":\"https:\\\/\\\/ibiti.com\\\/le-figaro\\\/#primaryimage\"},\"image\":{\"@id\":\"https:\\\/\\\/ibiti.com\\\/le-figaro\\\/#primaryimage\"},\"thumbnailUrl\":\"https:\\\/\\\/ibiti.com\\\/wp-content\\\/uploads\\\/2023\\\/12\\\/le-figaro.jpg\",\"datePublished\":\"2022-04-28T09:22:44+00:00\",\"dateModified\":\"2024-11-27T14:11:09+00:00\",\"inLanguage\":\"en-US\",\"potentialAction\":[{\"@type\":\"ReadAction\",\"target\":[\"https:\\\/\\\/ibiti.com\\\/le-figaro\\\/\"]}]},{\"@type\":\"ImageObject\",\"inLanguage\":\"en-US\",\"@id\":\"https:\\\/\\\/ibiti.com\\\/le-figaro\\\/#primaryimage\",\"url\":\"https:\\\/\\\/ibiti.com\\\/wp-content\\\/uploads\\\/2023\\\/12\\\/le-figaro.jpg\",\"contentUrl\":\"https:\\\/\\\/ibiti.com\\\/wp-content\\\/uploads\\\/2023\\\/12\\\/le-figaro.jpg\",\"width\":2172,\"height\":1448},{\"@type\":\"WebSite\",\"@id\":\"https:\\\/\\\/ibiti.com\\\/#website\",\"url\":\"https:\\\/\\\/ibiti.com\\\/\",\"name\":\"IBITI\",\"description\":\"Somos um projeto socioambiental experimental focado no homem e sua casa, o planeta.  Somos um novo mundo nas montanhas de Minas.  Acreditamos na harmonia entre o ser humano e a natureza.\",\"publisher\":{\"@id\":\"https:\\\/\\\/ibiti.com\\\/#organization\"},\"potentialAction\":[{\"@type\":\"SearchAction\",\"target\":{\"@type\":\"EntryPoint\",\"urlTemplate\":\"https:\\\/\\\/ibiti.com\\\/?s={search_term_string}\"},\"query-input\":{\"@type\":\"PropertyValueSpecification\",\"valueRequired\":true,\"valueName\":\"search_term_string\"}}],\"inLanguage\":\"en-US\"},{\"@type\":\"Organization\",\"@id\":\"https:\\\/\\\/ibiti.com\\\/#organization\",\"name\":\"IBITI\",\"url\":\"https:\\\/\\\/ibiti.com\\\/\",\"logo\":{\"@type\":\"ImageObject\",\"inLanguage\":\"en-US\",\"@id\":\"https:\\\/\\\/ibiti.com\\\/#\\\/schema\\\/logo\\\/image\\\/\",\"url\":\"https:\\\/\\\/ibiti.com\\\/wp-content\\\/uploads\\\/2024\\\/10\\\/ibiti-logo-default.svg\",\"contentUrl\":\"https:\\\/\\\/ibiti.com\\\/wp-content\\\/uploads\\\/2024\\\/10\\\/ibiti-logo-default.svg\",\"width\":80,\"height\":54,\"caption\":\"IBITI\"},\"image\":{\"@id\":\"https:\\\/\\\/ibiti.com\\\/#\\\/schema\\\/logo\\\/image\\\/\"}},{\"@type\":\"Person\",\"@id\":\"https:\\\/\\\/ibiti.com\\\/#\\\/schema\\\/person\\\/01df54b0366fd1d3db493cc70ad27f65\",\"name\":\"adm-ibiti Guilherme\",\"image\":{\"@type\":\"ImageObject\",\"inLanguage\":\"en-US\",\"@id\":\"https:\\\/\\\/secure.gravatar.com\\\/avatar\\\/e65410863fa488a31a997fb98e96cf7b2dbc1aafb9632899e2b16e5147324a7f?s=96&d=mm&r=g\",\"url\":\"https:\\\/\\\/secure.gravatar.com\\\/avatar\\\/e65410863fa488a31a997fb98e96cf7b2dbc1aafb9632899e2b16e5147324a7f?s=96&d=mm&r=g\",\"contentUrl\":\"https:\\\/\\\/secure.gravatar.com\\\/avatar\\\/e65410863fa488a31a997fb98e96cf7b2dbc1aafb9632899e2b16e5147324a7f?s=96&d=mm&r=g\",\"caption\":\"adm-ibiti Guilherme\"},\"sameAs\":[\"https:\\\/\\\/ibiti.com\\\/\"],\"url\":\"https:\\\/\\\/ibiti.com\\\/en\\\/author\\\/adm-ibiti\\\/\"}]}<\/script>\n<!-- \/ Yoast SEO plugin. -->","yoast_head_json":{"title":"Le Figaro - IBITI","robots":{"index":"index","follow":"follow","max-snippet":"max-snippet:-1","max-image-preview":"max-image-preview:large","max-video-preview":"max-video-preview:-1"},"canonical":"https:\/\/ibiti.com\/en\/le-figaro\/","og_locale":"en_US","og_type":"article","og_title":"Le Figaro - IBITI","og_description":"Em 2022, o Ibiti estampou as p\u00e1ginas do respeitado jornal franc\u00eas \u201cLe Figaro\u201d, com a mat\u00e9ria de B\u00e9r\u00e9nice Debras (e fotos de \u00c9rik Martin), que abordou a arte e a natureza do projeto mineiro. \u201cLonge dos ru\u00eddos do mundo, o tempo se estende deliciosamente ao ritmo dos balan\u00e7os da rede ou das caminhadas, passeios de [&hellip;]","og_url":"https:\/\/ibiti.com\/en\/le-figaro\/","og_site_name":"IBITI","article_published_time":"2022-04-28T09:22:44+00:00","article_modified_time":"2024-11-27T14:11:09+00:00","og_image":[{"width":2172,"height":1448,"url":"https:\/\/ibiti.com\/wp-content\/uploads\/2023\/12\/le-figaro.jpg","type":"image\/jpeg"}],"author":"adm-ibiti Guilherme","twitter_card":"summary_large_image","twitter_misc":{"Written by":"adm-ibiti Guilherme","Est. reading time":"1 minute"},"schema":{"@context":"https:\/\/schema.org","@graph":[{"@type":"Article","@id":"https:\/\/ibiti.com\/le-figaro\/#article","isPartOf":{"@id":"https:\/\/ibiti.com\/le-figaro\/"},"author":{"name":"adm-ibiti Guilherme","@id":"https:\/\/ibiti.com\/#\/schema\/person\/01df54b0366fd1d3db493cc70ad27f65"},"headline":"Le Figaro","datePublished":"2022-04-28T09:22:44+00:00","dateModified":"2024-11-27T14:11:09+00:00","mainEntityOfPage":{"@id":"https:\/\/ibiti.com\/le-figaro\/"},"wordCount":129,"publisher":{"@id":"https:\/\/ibiti.com\/#organization"},"image":{"@id":"https:\/\/ibiti.com\/le-figaro\/#primaryimage"},"thumbnailUrl":"https:\/\/ibiti.com\/wp-content\/uploads\/2023\/12\/le-figaro.jpg","articleSection":["Na m\u00eddia"],"inLanguage":"en-US"},{"@type":"WebPage","@id":"https:\/\/ibiti.com\/le-figaro\/","url":"https:\/\/ibiti.com\/le-figaro\/","name":"Le Figaro - IBITI","isPartOf":{"@id":"https:\/\/ibiti.com\/#website"},"primaryImageOfPage":{"@id":"https:\/\/ibiti.com\/le-figaro\/#primaryimage"},"image":{"@id":"https:\/\/ibiti.com\/le-figaro\/#primaryimage"},"thumbnailUrl":"https:\/\/ibiti.com\/wp-content\/uploads\/2023\/12\/le-figaro.jpg","datePublished":"2022-04-28T09:22:44+00:00","dateModified":"2024-11-27T14:11:09+00:00","inLanguage":"en-US","potentialAction":[{"@type":"ReadAction","target":["https:\/\/ibiti.com\/le-figaro\/"]}]},{"@type":"ImageObject","inLanguage":"en-US","@id":"https:\/\/ibiti.com\/le-figaro\/#primaryimage","url":"https:\/\/ibiti.com\/wp-content\/uploads\/2023\/12\/le-figaro.jpg","contentUrl":"https:\/\/ibiti.com\/wp-content\/uploads\/2023\/12\/le-figaro.jpg","width":2172,"height":1448},{"@type":"WebSite","@id":"https:\/\/ibiti.com\/#website","url":"https:\/\/ibiti.com\/","name":"IBITI","description":"We are an experimental socio-environmental project focused on man and his home, the planet.  We are a new world in the mountains of Minas Gerais.  We believe in harmony between human beings and nature.","publisher":{"@id":"https:\/\/ibiti.com\/#organization"},"potentialAction":[{"@type":"SearchAction","target":{"@type":"EntryPoint","urlTemplate":"https:\/\/ibiti.com\/?s={search_term_string}"},"query-input":{"@type":"PropertyValueSpecification","valueRequired":true,"valueName":"search_term_string"}}],"inLanguage":"en-US"},{"@type":"Organization","@id":"https:\/\/ibiti.com\/#organization","name":"IBITI","url":"https:\/\/ibiti.com\/","logo":{"@type":"ImageObject","inLanguage":"en-US","@id":"https:\/\/ibiti.com\/#\/schema\/logo\/image\/","url":"https:\/\/ibiti.com\/wp-content\/uploads\/2024\/10\/ibiti-logo-default.svg","contentUrl":"https:\/\/ibiti.com\/wp-content\/uploads\/2024\/10\/ibiti-logo-default.svg","width":80,"height":54,"caption":"IBITI"},"image":{"@id":"https:\/\/ibiti.com\/#\/schema\/logo\/image\/"}},{"@type":"Person","@id":"https:\/\/ibiti.com\/#\/schema\/person\/01df54b0366fd1d3db493cc70ad27f65","name":"adm-ibiti Guilherme","image":{"@type":"ImageObject","inLanguage":"en-US","@id":"https:\/\/secure.gravatar.com\/avatar\/e65410863fa488a31a997fb98e96cf7b2dbc1aafb9632899e2b16e5147324a7f?s=96&d=mm&r=g","url":"https:\/\/secure.gravatar.com\/avatar\/e65410863fa488a31a997fb98e96cf7b2dbc1aafb9632899e2b16e5147324a7f?s=96&d=mm&r=g","contentUrl":"https:\/\/secure.gravatar.com\/avatar\/e65410863fa488a31a997fb98e96cf7b2dbc1aafb9632899e2b16e5147324a7f?s=96&d=mm&r=g","caption":"adm-ibiti Guilherme"},"sameAs":["https:\/\/ibiti.com\/"],"url":"https:\/\/ibiti.com\/en\/author\/adm-ibiti\/"}]}},"jetpack_featured_media_url":"https:\/\/ibiti.com\/wp-content\/uploads\/2023\/12\/le-figaro.jpg","jetpack_sharing_enabled":true,"_links":{"self":[{"href":"https:\/\/ibiti.com\/en\/wp-json\/wp\/v2\/posts\/1029","targetHints":{"allow":["GET"]}}],"collection":[{"href":"https:\/\/ibiti.com\/en\/wp-json\/wp\/v2\/posts"}],"about":[{"href":"https:\/\/ibiti.com\/en\/wp-json\/wp\/v2\/types\/post"}],"author":[{"embeddable":true,"href":"https:\/\/ibiti.com\/en\/wp-json\/wp\/v2\/users\/2"}],"replies":[{"embeddable":true,"href":"https:\/\/ibiti.com\/en\/wp-json\/wp\/v2\/comments?post=1029"}],"version-history":[{"count":0,"href":"https:\/\/ibiti.com\/en\/wp-json\/wp\/v2\/posts\/1029\/revisions"}],"wp:featuredmedia":[{"embeddable":true,"href":"https:\/\/ibiti.com\/en\/wp-json\/wp\/v2\/media\/1032"}],"wp:attachment":[{"href":"https:\/\/ibiti.com\/en\/wp-json\/wp\/v2\/media?parent=1029"}],"wp:term":[{"taxonomy":"category","embeddable":true,"href":"https:\/\/ibiti.com\/en\/wp-json\/wp\/v2\/categories?post=1029"},{"taxonomy":"post_tag","embeddable":true,"href":"https:\/\/ibiti.com\/en\/wp-json\/wp\/v2\/tags?post=1029"}],"curies":[{"name":"wp","href":"https:\/\/api.w.org\/{rel}","templated":true}]}}